{"id":9889,"date":"2023-08-15T15:40:26","date_gmt":"2023-08-15T19:40:26","guid":{"rendered":"https:\/\/cpcs.ufms.br\/?p=9889"},"modified":"2023-08-15T15:42:48","modified_gmt":"2023-08-15T19:42:48","slug":"arraia-ufms-e-10-celebra-a-volta-as-aulas-nos-campus","status":"publish","type":"post","link":"https:\/\/cpcs.ufms.br\/en\/arraia-ufms-e-10-celebra-a-volta-as-aulas-nos-campus\/","title":{"rendered":"Arrai\u00e1 UFMS \u00e9 10 celebra a volta \u00e0s aulas nos c\u00e2mpus"},"content":{"rendered":"<p><a href=\"https:\/\/cpcs.ufms.br\/files\/2023\/08\/festa-agostina-3.png\"><img decoding=\"async\" class=\"size-thumbnail wp-image-9890 alignleft\" src=\"https:\/\/cpcs.ufms.br\/files\/2023\/08\/festa-agostina-3-150x150.png\" alt=\"\" width=\"150\" height=\"150\" srcset=\"https:\/\/cpcs.ufms.br\/files\/2023\/08\/festa-agostina-3-150x150.png 150w, https:\/\/cpcs.ufms.br\/files\/2023\/08\/festa-agostina-3-60x60.png 60w\" sizes=\"(max-width: 150px) 100vw, 150px\" \/><\/a>O C\u00e2mpus de Chapad\u00e3o do Sul estar\u00e1 em festa neste dia 15 de agosto. O Arrai\u00e1 UFMS \u00e9 10 celebra o retorno dos estudantes \u00e0s atividades letivas e tamb\u00e9m a <a href=\"https:\/\/www.ufms.br\/ufms-e-nota-maxima-pelo-mec\/\">nota m\u00e1xima recebida no recredenciamento institucional<\/a>\u00a0junto ao Minist\u00e9rio da Educa\u00e7\u00e3o.<\/p>\n<p>De acordo com o pr\u00f3-reitor de Assuntos Estudantis (Proaes), Albert Schiaveto de Souza, o Arrai\u00e1 j\u00e1 \u00e9 tradi\u00e7\u00e3o na UFMS.\u00a0As barracas de comidas e atividades costumam ser disponibilizadas por meio de edital espec\u00edfico para os interessados da comunidade interna comercializarem os produtos. \u201c\u00c9 uma oportunidade para os centros acad\u00eamicos, atl\u00e9ticas, associa\u00e7\u00f5es estudantis, entre outras, arrecadarem dinheiro para suas atividades e tem sido um sucesso em todos os anos\u201d, informou o pr\u00f3-reitor da Proaes.<\/p>\n<p>Por meio de uma parceria com a Secretaria de Estado de Turismo, Esporte, Cultura e Cidadania, o grupo musical que ir\u00e3o se apresentar em Chapad\u00e3o do Sul \u00e9 a banda Tremb\u00e3o \u00e0s 19h MS.<\/p>\n<p>&nbsp;<\/p>\n<p>Fonte: <a href=\"https:\/\/www.ufms.br\/arraia-ufms-e-10-celebra-a-volta-as-aulas-nos-campus\/\">https:\/\/www.ufms.br\/arraia-ufms-e-10-celebra-a-volta-as-aulas-nos-campus\/<\/a><\/p>\n","protected":false},"excerpt":{"rendered":"<p>O C\u00e2mpus de Chapad\u00e3o do Sul estar\u00e1 em festa neste dia 15 de agosto. O Arrai\u00e1 UFMS \u00e9 10 celebra o retorno dos estudantes \u00e0s atividades letivas e tamb\u00e9m a nota m\u00e1xima recebida no recredenciamento institucional\u00a0junto ao Minist\u00e9rio da Educa\u00e7\u00e3o. De acordo com o pr\u00f3-reitor de Assuntos Estudantis (Proaes), Albert Schiaveto de Souza, o Arrai\u00e1 [&hellip;]<\/p>\n","protected":false},"author":699,"featured_media":0,"comment_status":"closed","ping_status":"closed","sticky":false,"template":"","format":"standard","meta":{"ngg_post_thumbnail":0,"footnotes":""},"categories":[1],"tags":[],"coauthors":[38],"class_list":["post-9889","post","type-post","status-publish","format-standard","hentry","category-noticias"],"yoast_head":"<!-- This site is optimized with the Yoast SEO plugin v26.2 - https:\/\/yoast.com\/wordpress\/plugins\/seo\/ -->\n<title>Arrai\u00e1 UFMS \u00e9 10 celebra a volta \u00e0s aulas nos c\u00e2mpus - Campus de Chapad\u00e3o do Sul<\/title>\n<meta name=\"robots\" content=\"index, follow, max-snippet:-1, max-image-preview:large, max-video-preview:-1\" \/>\n<link rel=\"canonical\" href=\"https:\/\/cpcs.ufms.br\/arraia-ufms-e-10-celebra-a-volta-as-aulas-nos-campus\/\" \/>\n<meta property=\"og:locale\" content=\"en_US\" \/>\n<meta property=\"og:type\" content=\"article\" \/>\n<meta property=\"og:title\" content=\"Arrai\u00e1 UFMS \u00e9 10 celebra a volta \u00e0s aulas nos c\u00e2mpus - Campus de Chapad\u00e3o do Sul\" \/>\n<meta property=\"og:description\" content=\"O C\u00e2mpus de Chapad\u00e3o do Sul estar\u00e1 em festa neste dia 15 de agosto. O Arrai\u00e1 UFMS \u00e9 10 celebra o retorno dos estudantes \u00e0s atividades letivas e tamb\u00e9m a nota m\u00e1xima recebida no recredenciamento institucional\u00a0junto ao Minist\u00e9rio da Educa\u00e7\u00e3o. De acordo com o pr\u00f3-reitor de Assuntos Estudantis (Proaes), Albert Schiaveto de Souza, o Arrai\u00e1 [&hellip;]\" \/>\n<meta property=\"og:url\" content=\"https:\/\/cpcs.ufms.br\/arraia-ufms-e-10-celebra-a-volta-as-aulas-nos-campus\/\" \/>\n<meta property=\"og:site_name\" content=\"Campus de Chapad\u00e3o do Sul\" \/>\n<meta property=\"article:published_time\" content=\"2023-08-15T19:40:26+00:00\" \/>\n<meta property=\"article:modified_time\" content=\"2023-08-15T19:42:48+00:00\" \/>\n<meta property=\"og:image\" content=\"https:\/\/cpcs.ufms.br\/files\/2023\/08\/festa-agostina-3-150x150.png\" \/>\n<meta name=\"author\" content=\"Daniel Fernando Figueiredo Spengler\" \/>\n<meta name=\"twitter:label1\" content=\"Written by\" \/>\n\t<meta name=\"twitter:data1\" content=\"Daniel Fernando Figueiredo Spengler\" \/>\n\t<meta name=\"twitter:label2\" content=\"Est. reading time\" \/>\n\t<meta name=\"twitter:data2\" content=\"2 minutes\" \/>\n<script type=\"application\/ld+json\" class=\"yoast-schema-graph\">{\"@context\":\"https:\/\/schema.org\",\"@graph\":[{\"@type\":\"WebPage\",\"@id\":\"https:\/\/cpcs.ufms.br\/arraia-ufms-e-10-celebra-a-volta-as-aulas-nos-campus\/\",\"url\":\"https:\/\/cpcs.ufms.br\/arraia-ufms-e-10-celebra-a-volta-as-aulas-nos-campus\/\",\"name\":\"Arrai\u00e1 UFMS \u00e9 10 celebra a volta \u00e0s aulas nos c\u00e2mpus - Campus de Chapad\u00e3o do Sul\",\"isPartOf\":{\"@id\":\"https:\/\/cpcs.ufms.br\/#website\"},\"primaryImageOfPage\":{\"@id\":\"https:\/\/cpcs.ufms.br\/arraia-ufms-e-10-celebra-a-volta-as-aulas-nos-campus\/#primaryimage\"},\"image\":{\"@id\":\"https:\/\/cpcs.ufms.br\/arraia-ufms-e-10-celebra-a-volta-as-aulas-nos-campus\/#primaryimage\"},\"thumbnailUrl\":\"https:\/\/cpcs.ufms.br\/files\/2023\/08\/festa-agostina-3-150x150.png\",\"datePublished\":\"2023-08-15T19:40:26+00:00\",\"dateModified\":\"2023-08-15T19:42:48+00:00\",\"author\":{\"@id\":\"https:\/\/cpcs.ufms.br\/#\/schema\/person\/e982c284b559a40d9dc7e8b0606784c7\"},\"breadcrumb\":{\"@id\":\"https:\/\/cpcs.ufms.br\/arraia-ufms-e-10-celebra-a-volta-as-aulas-nos-campus\/#breadcrumb\"},\"inLanguage\":\"en-US\",\"potentialAction\":[{\"@type\":\"ReadAction\",\"target\":[\"https:\/\/cpcs.ufms.br\/arraia-ufms-e-10-celebra-a-volta-as-aulas-nos-campus\/\"]}]},{\"@type\":\"ImageObject\",\"inLanguage\":\"en-US\",\"@id\":\"https:\/\/cpcs.ufms.br\/arraia-ufms-e-10-celebra-a-volta-as-aulas-nos-campus\/#primaryimage\",\"url\":\"https:\/\/cpcs.ufms.br\/files\/2023\/08\/festa-agostina-3-150x150.png\",\"contentUrl\":\"https:\/\/cpcs.ufms.br\/files\/2023\/08\/festa-agostina-3-150x150.png\"},{\"@type\":\"BreadcrumbList\",\"@id\":\"https:\/\/cpcs.ufms.br\/arraia-ufms-e-10-celebra-a-volta-as-aulas-nos-campus\/#breadcrumb\",\"itemListElement\":[{\"@type\":\"ListItem\",\"position\":1,\"name\":\"In\u00edcio\",\"item\":\"https:\/\/cpcs.ufms.br\/\"},{\"@type\":\"ListItem\",\"position\":2,\"name\":\"Arrai\u00e1 UFMS \u00e9 10 celebra a volta \u00e0s aulas nos c\u00e2mpus\"}]},{\"@type\":\"WebSite\",\"@id\":\"https:\/\/cpcs.ufms.br\/#website\",\"url\":\"https:\/\/cpcs.ufms.br\/\",\"name\":\"Campus de Chapad\u00e3o do Sul\",\"description\":\"Universidade Federal de Mato Grosso do Sul\",\"potentialAction\":[{\"@type\":\"SearchAction\",\"target\":{\"@type\":\"EntryPoint\",\"urlTemplate\":\"https:\/\/cpcs.ufms.br\/?s={search_term_string}\"},\"query-input\":{\"@type\":\"PropertyValueSpecification\",\"valueRequired\":true,\"valueName\":\"search_term_string\"}}],\"inLanguage\":\"en-US\"},{\"@type\":\"Person\",\"@id\":\"https:\/\/cpcs.ufms.br\/#\/schema\/person\/e982c284b559a40d9dc7e8b0606784c7\",\"name\":\"Daniel Fernando Figueiredo Spengler\",\"sameAs\":[\"http:\/\/bibliotecacpcs.blogspot.com.br\/\"],\"url\":\"https:\/\/cpcs.ufms.br\/en\/author\/daniel-spengler\/\"}]}<\/script>\n<!-- \/ Yoast SEO plugin. -->","yoast_head_json":{"title":"Arrai\u00e1 UFMS \u00e9 10 celebra a volta \u00e0s aulas nos c\u00e2mpus - Campus de Chapad\u00e3o do Sul","robots":{"index":"index","follow":"follow","max-snippet":"max-snippet:-1","max-image-preview":"max-image-preview:large","max-video-preview":"max-video-preview:-1"},"canonical":"https:\/\/cpcs.ufms.br\/arraia-ufms-e-10-celebra-a-volta-as-aulas-nos-campus\/","og_locale":"en_US","og_type":"article","og_title":"Arrai\u00e1 UFMS \u00e9 10 celebra a volta \u00e0s aulas nos c\u00e2mpus - Campus de Chapad\u00e3o do Sul","og_description":"O C\u00e2mpus de Chapad\u00e3o do Sul estar\u00e1 em festa neste dia 15 de agosto. O Arrai\u00e1 UFMS \u00e9 10 celebra o retorno dos estudantes \u00e0s atividades letivas e tamb\u00e9m a nota m\u00e1xima recebida no recredenciamento institucional\u00a0junto ao Minist\u00e9rio da Educa\u00e7\u00e3o. De acordo com o pr\u00f3-reitor de Assuntos Estudantis (Proaes), Albert Schiaveto de Souza, o Arrai\u00e1 [&hellip;]","og_url":"https:\/\/cpcs.ufms.br\/arraia-ufms-e-10-celebra-a-volta-as-aulas-nos-campus\/","og_site_name":"Campus de Chapad\u00e3o do Sul","article_published_time":"2023-08-15T19:40:26+00:00","article_modified_time":"2023-08-15T19:42:48+00:00","og_image":[{"url":"https:\/\/cpcs.ufms.br\/files\/2023\/08\/festa-agostina-3-150x150.png","type":"","width":"","height":""}],"author":"Daniel Fernando Figueiredo Spengler","twitter_misc":{"Written by":"Daniel Fernando Figueiredo Spengler","Est. reading time":"2 minutes"},"schema":{"@context":"https:\/\/schema.org","@graph":[{"@type":"WebPage","@id":"https:\/\/cpcs.ufms.br\/arraia-ufms-e-10-celebra-a-volta-as-aulas-nos-campus\/","url":"https:\/\/cpcs.ufms.br\/arraia-ufms-e-10-celebra-a-volta-as-aulas-nos-campus\/","name":"Arrai\u00e1 UFMS \u00e9 10 celebra a volta \u00e0s aulas nos c\u00e2mpus - Campus de Chapad\u00e3o do Sul","isPartOf":{"@id":"https:\/\/cpcs.ufms.br\/#website"},"primaryImageOfPage":{"@id":"https:\/\/cpcs.ufms.br\/arraia-ufms-e-10-celebra-a-volta-as-aulas-nos-campus\/#primaryimage"},"image":{"@id":"https:\/\/cpcs.ufms.br\/arraia-ufms-e-10-celebra-a-volta-as-aulas-nos-campus\/#primaryimage"},"thumbnailUrl":"https:\/\/cpcs.ufms.br\/files\/2023\/08\/festa-agostina-3-150x150.png","datePublished":"2023-08-15T19:40:26+00:00","dateModified":"2023-08-15T19:42:48+00:00","author":{"@id":"https:\/\/cpcs.ufms.br\/#\/schema\/person\/e982c284b559a40d9dc7e8b0606784c7"},"breadcrumb":{"@id":"https:\/\/cpcs.ufms.br\/arraia-ufms-e-10-celebra-a-volta-as-aulas-nos-campus\/#breadcrumb"},"inLanguage":"en-US","potentialAction":[{"@type":"ReadAction","target":["https:\/\/cpcs.ufms.br\/arraia-ufms-e-10-celebra-a-volta-as-aulas-nos-campus\/"]}]},{"@type":"ImageObject","inLanguage":"en-US","@id":"https:\/\/cpcs.ufms.br\/arraia-ufms-e-10-celebra-a-volta-as-aulas-nos-campus\/#primaryimage","url":"https:\/\/cpcs.ufms.br\/files\/2023\/08\/festa-agostina-3-150x150.png","contentUrl":"https:\/\/cpcs.ufms.br\/files\/2023\/08\/festa-agostina-3-150x150.png"},{"@type":"BreadcrumbList","@id":"https:\/\/cpcs.ufms.br\/arraia-ufms-e-10-celebra-a-volta-as-aulas-nos-campus\/#breadcrumb","itemListElement":[{"@type":"ListItem","position":1,"name":"In\u00edcio","item":"https:\/\/cpcs.ufms.br\/"},{"@type":"ListItem","position":2,"name":"Arrai\u00e1 UFMS \u00e9 10 celebra a volta \u00e0s aulas nos c\u00e2mpus"}]},{"@type":"WebSite","@id":"https:\/\/cpcs.ufms.br\/#website","url":"https:\/\/cpcs.ufms.br\/","name":"Campus de Chapad\u00e3o do Sul","description":"Universidade Federal de Mato Grosso do Sul","potentialAction":[{"@type":"SearchAction","target":{"@type":"EntryPoint","urlTemplate":"https:\/\/cpcs.ufms.br\/?s={search_term_string}"},"query-input":{"@type":"PropertyValueSpecification","valueRequired":true,"valueName":"search_term_string"}}],"inLanguage":"en-US"},{"@type":"Person","@id":"https:\/\/cpcs.ufms.br\/#\/schema\/person\/e982c284b559a40d9dc7e8b0606784c7","name":"Daniel Fernando Figueiredo Spengler","sameAs":["http:\/\/bibliotecacpcs.blogspot.com.br\/"],"url":"https:\/\/cpcs.ufms.br\/en\/author\/daniel-spengler\/"}]}},"_links":{"self":[{"href":"https:\/\/cpcs.ufms.br\/en\/wp-json\/wp\/v2\/posts\/9889","targetHints":{"allow":["GET"]}}],"collection":[{"href":"https:\/\/cpcs.ufms.br\/en\/wp-json\/wp\/v2\/posts"}],"about":[{"href":"https:\/\/cpcs.ufms.br\/en\/wp-json\/wp\/v2\/types\/post"}],"author":[{"embeddable":true,"href":"https:\/\/cpcs.ufms.br\/en\/wp-json\/wp\/v2\/users\/699"}],"replies":[{"embeddable":true,"href":"https:\/\/cpcs.ufms.br\/en\/wp-json\/wp\/v2\/comments?post=9889"}],"version-history":[{"count":3,"href":"https:\/\/cpcs.ufms.br\/en\/wp-json\/wp\/v2\/posts\/9889\/revisions"}],"predecessor-version":[{"id":9893,"href":"https:\/\/cpcs.ufms.br\/en\/wp-json\/wp\/v2\/posts\/9889\/revisions\/9893"}],"wp:attachment":[{"href":"https:\/\/cpcs.ufms.br\/en\/wp-json\/wp\/v2\/media?parent=9889"}],"wp:term":[{"taxonomy":"category","embeddable":true,"href":"https:\/\/cpcs.ufms.br\/en\/wp-json\/wp\/v2\/categories?post=9889"},{"taxonomy":"post_tag","embeddable":true,"href":"https:\/\/cpcs.ufms.br\/en\/wp-json\/wp\/v2\/tags?post=9889"},{"taxonomy":"author","embeddable":true,"href":"https:\/\/cpcs.ufms.br\/en\/wp-json\/wp\/v2\/coauthors?post=9889"}],"curies":[{"name":"wp","href":"https:\/\/api.w.org\/{rel}","templated":true}]}}