{"id":9743,"date":"2023-06-12T08:13:59","date_gmt":"2023-06-12T12:13:59","guid":{"rendered":"https:\/\/cpcs.ufms.br\/?p=9743"},"modified":"2023-08-09T07:44:13","modified_gmt":"2023-08-09T11:44:13","slug":"avaliacao-institucional-2023-ja-esta-disponivel-para-participacao-de-estudantes-e-servidores","status":"publish","type":"post","link":"https:\/\/cpcs.ufms.br\/en\/avaliacao-institucional-2023-ja-esta-disponivel-para-participacao-de-estudantes-e-servidores\/","title":{"rendered":"Avalia\u00e7\u00e3o Institucional 2023 j\u00e1 est\u00e1 dispon\u00edvel para participa\u00e7\u00e3o de estudantes e servidores"},"content":{"rendered":"<p style=\"text-align: justify\">Estudantes, t\u00e9cnicos-administrativos e professores da Universidade t\u00eam at\u00e9 30 de junho para participarem da Avalia\u00e7\u00e3o Institucional 2023. O preenchimento \u00e9 volunt\u00e1rio e an\u00f4nimo e deve ser feito no&nbsp;<a href=\"https:\/\/siai.ufms.br\/avaliacao-institucional\" target=\"_blank\" rel=\"noopener\">Sistema de Avalia\u00e7\u00e3o Institucional (Siai)<\/a>.<\/p>\n<p style=\"text-align: justify\">O acesso ao formul\u00e1rio deve ser feito com o uso do Passaporte UFMS e a senha pessoal. Assim que o sistema abre, o usu\u00e1rio j\u00e1 \u00e9 direcionado ao question\u00e1rio relativo \u00e0 sua fun\u00e7\u00e3o.<\/p>\n<p style=\"text-align: justify\">A avalia\u00e7\u00e3o \u00e9 um processo cont\u00ednuo por meio do qual a comunidade universit\u00e1ria identifica pontos fortes, potencialidades e tamb\u00e9m pontos fracos da Institui\u00e7\u00e3o. \u201c\u00c9 um instrumento de aprimoramento da qualidade acad\u00eamica, cient\u00edfica e de gest\u00e3o. \u00c9 atrav\u00e9s da avalia\u00e7\u00e3o que conhecemos melhor os processos da UFMS e podemos identificar as oportunidades de melhorias. Os resultados s\u00e3o utilizados pelos gestores para o planejamento e execu\u00e7\u00e3o de a\u00e7\u00f5es\u201d, explica a presidente da Comiss\u00e3o Pr\u00f3pria de Avalia\u00e7\u00e3o (CPA) da Universidade, Jacyara de Souza.<\/p>\n<p style=\"text-align: justify\">Em 2022, a partir das necessidades apontadas pela comunidade universit\u00e1ria na Avalia\u00e7\u00e3o Institucional, a Universidade promoveu diversas melhorias, como por exemplo, a instala\u00e7\u00e3o de biciclet\u00e1rios, a identifica\u00e7\u00e3o das copas acad\u00eamicas e cantinas e o aumento de espa\u00e7os de conviv\u00eancia e integra\u00e7\u00e3o.<\/p>\n<p style=\"text-align: justify\">De acordo com o Relat\u00f3rio de Avalia\u00e7\u00e3o Institucional de 2022, pontos positivos tamb\u00e9m receberam destaque, entre eles a disponibilidade de atendimento aos estudantes e o bom relacionamento dos professores, considerando \u00e9tica, respeito e cordialidade.<\/p>\n<p style=\"text-align: justify\"><strong>Mudan\u00e7a<\/strong><\/p>\n<p style=\"text-align: justify\">Nos anos anteriores a avalia\u00e7\u00e3o era realizada em duas etapas, na primeira eram abordados temas como as pol\u00edticas e a infraestrutura da Universidade e na segunda a \u00eanfase era nas disciplinas. Neste ano o question\u00e1rio ser\u00e1 aplicado apenas uma vez. \u201cGostaria de ressaltar essa mudan\u00e7a, pois os estudantes ainda poder\u00e3o avaliar as disciplinas e professores ao final de cada semestre, mas a avalia\u00e7\u00e3o das disciplinas ser\u00e1 um processo \u00e0 parte e dever\u00e1 ser utilizada por docentes e coordenadores para a melhoria das pr\u00e1ticas pedag\u00f3gicas de gest\u00e3o dos cursos\u201d, apontou a presidente da CPA.<\/p>\n<p style=\"text-align: justify\"><em>Texto: Ariane Comineti<\/em><\/p>\n","protected":false},"excerpt":{"rendered":"<p>Estudantes, t\u00e9cnicos-administrativos e professores da Universidade t\u00eam at\u00e9 30 de junho para participarem da Avalia\u00e7\u00e3o Institucional 2023. O preenchimento \u00e9 volunt\u00e1rio e an\u00f4nimo e deve ser feito no&nbsp;Sistema de Avalia\u00e7\u00e3o Institucional (Siai). O acesso ao formul\u00e1rio deve ser feito com o uso do Passaporte UFMS e a senha pessoal. Assim que o sistema abre, o [&hellip;]<\/p>\n","protected":false},"author":699,"featured_media":9744,"comment_status":"closed","ping_status":"closed","sticky":false,"template":"","format":"standard","meta":{"ngg_post_thumbnail":0,"footnotes":""},"categories":[1],"tags":[],"coauthors":[38],"class_list":["post-9743","post","type-post","status-publish","format-standard","has-post-thumbnail","hentry","category-noticias"],"yoast_head":"<!-- This site is optimized with the Yoast SEO plugin v26.2 - https:\/\/yoast.com\/wordpress\/plugins\/seo\/ -->\n<title>Avalia\u00e7\u00e3o Institucional 2023 j\u00e1 est\u00e1 dispon\u00edvel para participa\u00e7\u00e3o de estudantes e servidores - Campus de Chapad\u00e3o do Sul<\/title>\n<meta name=\"robots\" content=\"index, follow, max-snippet:-1, max-image-preview:large, max-video-preview:-1\" \/>\n<link rel=\"canonical\" href=\"https:\/\/cpcs.ufms.br\/avaliacao-institucional-2023-ja-esta-disponivel-para-participacao-de-estudantes-e-servidores\/\" \/>\n<meta property=\"og:locale\" content=\"en_US\" \/>\n<meta property=\"og:type\" content=\"article\" \/>\n<meta property=\"og:title\" content=\"Avalia\u00e7\u00e3o Institucional 2023 j\u00e1 est\u00e1 dispon\u00edvel para participa\u00e7\u00e3o de estudantes e servidores - Campus de Chapad\u00e3o do Sul\" \/>\n<meta property=\"og:description\" content=\"Estudantes, t\u00e9cnicos-administrativos e professores da Universidade t\u00eam at\u00e9 30 de junho para participarem da Avalia\u00e7\u00e3o Institucional 2023. O preenchimento \u00e9 volunt\u00e1rio e an\u00f4nimo e deve ser feito no&nbsp;Sistema de Avalia\u00e7\u00e3o Institucional (Siai). O acesso ao formul\u00e1rio deve ser feito com o uso do Passaporte UFMS e a senha pessoal. Assim que o sistema abre, o [&hellip;]\" \/>\n<meta property=\"og:url\" content=\"https:\/\/cpcs.ufms.br\/avaliacao-institucional-2023-ja-esta-disponivel-para-participacao-de-estudantes-e-servidores\/\" \/>\n<meta property=\"og:site_name\" content=\"Campus de Chapad\u00e3o do Sul\" \/>\n<meta property=\"article:published_time\" content=\"2023-06-12T12:13:59+00:00\" \/>\n<meta property=\"article:modified_time\" content=\"2023-08-09T11:44:13+00:00\" \/>\n<meta property=\"og:image\" content=\"https:\/\/cpcs.ufms.br\/files\/2023\/06\/Avaliacao-Institucional-2023_destacao.jpg\" \/>\n\t<meta property=\"og:image:width\" content=\"1584\" \/>\n\t<meta property=\"og:image:height\" content=\"508\" \/>\n\t<meta property=\"og:image:type\" content=\"image\/jpeg\" \/>\n<meta name=\"author\" content=\"Daniel Fernando Figueiredo Spengler\" \/>\n<meta name=\"twitter:label1\" content=\"Written by\" \/>\n\t<meta name=\"twitter:data1\" content=\"Daniel Fernando Figueiredo Spengler\" \/>\n\t<meta name=\"twitter:label2\" content=\"Est. reading time\" \/>\n\t<meta name=\"twitter:data2\" content=\"2 minutes\" \/>\n<script type=\"application\/ld+json\" class=\"yoast-schema-graph\">{\"@context\":\"https:\/\/schema.org\",\"@graph\":[{\"@type\":\"WebPage\",\"@id\":\"https:\/\/cpcs.ufms.br\/avaliacao-institucional-2023-ja-esta-disponivel-para-participacao-de-estudantes-e-servidores\/\",\"url\":\"https:\/\/cpcs.ufms.br\/avaliacao-institucional-2023-ja-esta-disponivel-para-participacao-de-estudantes-e-servidores\/\",\"name\":\"Avalia\u00e7\u00e3o Institucional 2023 j\u00e1 est\u00e1 dispon\u00edvel para participa\u00e7\u00e3o de estudantes e servidores - Campus de Chapad\u00e3o do Sul\",\"isPartOf\":{\"@id\":\"https:\/\/cpcs.ufms.br\/#website\"},\"primaryImageOfPage\":{\"@id\":\"https:\/\/cpcs.ufms.br\/avaliacao-institucional-2023-ja-esta-disponivel-para-participacao-de-estudantes-e-servidores\/#primaryimage\"},\"image\":{\"@id\":\"https:\/\/cpcs.ufms.br\/avaliacao-institucional-2023-ja-esta-disponivel-para-participacao-de-estudantes-e-servidores\/#primaryimage\"},\"thumbnailUrl\":\"https:\/\/cpcs.ufms.br\/files\/2023\/06\/Avaliacao-Institucional-2023_destacao.jpg\",\"datePublished\":\"2023-06-12T12:13:59+00:00\",\"dateModified\":\"2023-08-09T11:44:13+00:00\",\"author\":{\"@id\":\"https:\/\/cpcs.ufms.br\/#\/schema\/person\/e982c284b559a40d9dc7e8b0606784c7\"},\"breadcrumb\":{\"@id\":\"https:\/\/cpcs.ufms.br\/avaliacao-institucional-2023-ja-esta-disponivel-para-participacao-de-estudantes-e-servidores\/#breadcrumb\"},\"inLanguage\":\"en-US\",\"potentialAction\":[{\"@type\":\"ReadAction\",\"target\":[\"https:\/\/cpcs.ufms.br\/avaliacao-institucional-2023-ja-esta-disponivel-para-participacao-de-estudantes-e-servidores\/\"]}]},{\"@type\":\"ImageObject\",\"inLanguage\":\"en-US\",\"@id\":\"https:\/\/cpcs.ufms.br\/avaliacao-institucional-2023-ja-esta-disponivel-para-participacao-de-estudantes-e-servidores\/#primaryimage\",\"url\":\"https:\/\/cpcs.ufms.br\/files\/2023\/06\/Avaliacao-Institucional-2023_destacao.jpg\",\"contentUrl\":\"https:\/\/cpcs.ufms.br\/files\/2023\/06\/Avaliacao-Institucional-2023_destacao.jpg\",\"width\":1584,\"height\":508},{\"@type\":\"BreadcrumbList\",\"@id\":\"https:\/\/cpcs.ufms.br\/avaliacao-institucional-2023-ja-esta-disponivel-para-participacao-de-estudantes-e-servidores\/#breadcrumb\",\"itemListElement\":[{\"@type\":\"ListItem\",\"position\":1,\"name\":\"In\u00edcio\",\"item\":\"https:\/\/cpcs.ufms.br\/\"},{\"@type\":\"ListItem\",\"position\":2,\"name\":\"Avalia\u00e7\u00e3o Institucional 2023 j\u00e1 est\u00e1 dispon\u00edvel para participa\u00e7\u00e3o de estudantes e servidores\"}]},{\"@type\":\"WebSite\",\"@id\":\"https:\/\/cpcs.ufms.br\/#website\",\"url\":\"https:\/\/cpcs.ufms.br\/\",\"name\":\"Campus de Chapad\u00e3o do Sul\",\"description\":\"Universidade Federal de Mato Grosso do Sul\",\"potentialAction\":[{\"@type\":\"SearchAction\",\"target\":{\"@type\":\"EntryPoint\",\"urlTemplate\":\"https:\/\/cpcs.ufms.br\/?s={search_term_string}\"},\"query-input\":{\"@type\":\"PropertyValueSpecification\",\"valueRequired\":true,\"valueName\":\"search_term_string\"}}],\"inLanguage\":\"en-US\"},{\"@type\":\"Person\",\"@id\":\"https:\/\/cpcs.ufms.br\/#\/schema\/person\/e982c284b559a40d9dc7e8b0606784c7\",\"name\":\"Daniel Fernando Figueiredo Spengler\",\"sameAs\":[\"http:\/\/bibliotecacpcs.blogspot.com.br\/\"],\"url\":\"https:\/\/cpcs.ufms.br\/en\/author\/daniel-spengler\/\"}]}<\/script>\n<!-- \/ Yoast SEO plugin. -->","yoast_head_json":{"title":"Avalia\u00e7\u00e3o Institucional 2023 j\u00e1 est\u00e1 dispon\u00edvel para participa\u00e7\u00e3o de estudantes e servidores - Campus de Chapad\u00e3o do Sul","robots":{"index":"index","follow":"follow","max-snippet":"max-snippet:-1","max-image-preview":"max-image-preview:large","max-video-preview":"max-video-preview:-1"},"canonical":"https:\/\/cpcs.ufms.br\/avaliacao-institucional-2023-ja-esta-disponivel-para-participacao-de-estudantes-e-servidores\/","og_locale":"en_US","og_type":"article","og_title":"Avalia\u00e7\u00e3o Institucional 2023 j\u00e1 est\u00e1 dispon\u00edvel para participa\u00e7\u00e3o de estudantes e servidores - Campus de Chapad\u00e3o do Sul","og_description":"Estudantes, t\u00e9cnicos-administrativos e professores da Universidade t\u00eam at\u00e9 30 de junho para participarem da Avalia\u00e7\u00e3o Institucional 2023. O preenchimento \u00e9 volunt\u00e1rio e an\u00f4nimo e deve ser feito no&nbsp;Sistema de Avalia\u00e7\u00e3o Institucional (Siai). O acesso ao formul\u00e1rio deve ser feito com o uso do Passaporte UFMS e a senha pessoal. Assim que o sistema abre, o [&hellip;]","og_url":"https:\/\/cpcs.ufms.br\/avaliacao-institucional-2023-ja-esta-disponivel-para-participacao-de-estudantes-e-servidores\/","og_site_name":"Campus de Chapad\u00e3o do Sul","article_published_time":"2023-06-12T12:13:59+00:00","article_modified_time":"2023-08-09T11:44:13+00:00","og_image":[{"width":1584,"height":508,"url":"https:\/\/cpcs.ufms.br\/files\/2023\/06\/Avaliacao-Institucional-2023_destacao.jpg","type":"image\/jpeg"}],"author":"Daniel Fernando Figueiredo Spengler","twitter_misc":{"Written by":"Daniel Fernando Figueiredo Spengler","Est. reading time":"2 minutes"},"schema":{"@context":"https:\/\/schema.org","@graph":[{"@type":"WebPage","@id":"https:\/\/cpcs.ufms.br\/avaliacao-institucional-2023-ja-esta-disponivel-para-participacao-de-estudantes-e-servidores\/","url":"https:\/\/cpcs.ufms.br\/avaliacao-institucional-2023-ja-esta-disponivel-para-participacao-de-estudantes-e-servidores\/","name":"Avalia\u00e7\u00e3o Institucional 2023 j\u00e1 est\u00e1 dispon\u00edvel para participa\u00e7\u00e3o de estudantes e servidores - Campus de Chapad\u00e3o do Sul","isPartOf":{"@id":"https:\/\/cpcs.ufms.br\/#website"},"primaryImageOfPage":{"@id":"https:\/\/cpcs.ufms.br\/avaliacao-institucional-2023-ja-esta-disponivel-para-participacao-de-estudantes-e-servidores\/#primaryimage"},"image":{"@id":"https:\/\/cpcs.ufms.br\/avaliacao-institucional-2023-ja-esta-disponivel-para-participacao-de-estudantes-e-servidores\/#primaryimage"},"thumbnailUrl":"https:\/\/cpcs.ufms.br\/files\/2023\/06\/Avaliacao-Institucional-2023_destacao.jpg","datePublished":"2023-06-12T12:13:59+00:00","dateModified":"2023-08-09T11:44:13+00:00","author":{"@id":"https:\/\/cpcs.ufms.br\/#\/schema\/person\/e982c284b559a40d9dc7e8b0606784c7"},"breadcrumb":{"@id":"https:\/\/cpcs.ufms.br\/avaliacao-institucional-2023-ja-esta-disponivel-para-participacao-de-estudantes-e-servidores\/#breadcrumb"},"inLanguage":"en-US","potentialAction":[{"@type":"ReadAction","target":["https:\/\/cpcs.ufms.br\/avaliacao-institucional-2023-ja-esta-disponivel-para-participacao-de-estudantes-e-servidores\/"]}]},{"@type":"ImageObject","inLanguage":"en-US","@id":"https:\/\/cpcs.ufms.br\/avaliacao-institucional-2023-ja-esta-disponivel-para-participacao-de-estudantes-e-servidores\/#primaryimage","url":"https:\/\/cpcs.ufms.br\/files\/2023\/06\/Avaliacao-Institucional-2023_destacao.jpg","contentUrl":"https:\/\/cpcs.ufms.br\/files\/2023\/06\/Avaliacao-Institucional-2023_destacao.jpg","width":1584,"height":508},{"@type":"BreadcrumbList","@id":"https:\/\/cpcs.ufms.br\/avaliacao-institucional-2023-ja-esta-disponivel-para-participacao-de-estudantes-e-servidores\/#breadcrumb","itemListElement":[{"@type":"ListItem","position":1,"name":"In\u00edcio","item":"https:\/\/cpcs.ufms.br\/"},{"@type":"ListItem","position":2,"name":"Avalia\u00e7\u00e3o Institucional 2023 j\u00e1 est\u00e1 dispon\u00edvel para participa\u00e7\u00e3o de estudantes e servidores"}]},{"@type":"WebSite","@id":"https:\/\/cpcs.ufms.br\/#website","url":"https:\/\/cpcs.ufms.br\/","name":"Campus de Chapad\u00e3o do Sul","description":"Universidade Federal de Mato Grosso do Sul","potentialAction":[{"@type":"SearchAction","target":{"@type":"EntryPoint","urlTemplate":"https:\/\/cpcs.ufms.br\/?s={search_term_string}"},"query-input":{"@type":"PropertyValueSpecification","valueRequired":true,"valueName":"search_term_string"}}],"inLanguage":"en-US"},{"@type":"Person","@id":"https:\/\/cpcs.ufms.br\/#\/schema\/person\/e982c284b559a40d9dc7e8b0606784c7","name":"Daniel Fernando Figueiredo Spengler","sameAs":["http:\/\/bibliotecacpcs.blogspot.com.br\/"],"url":"https:\/\/cpcs.ufms.br\/en\/author\/daniel-spengler\/"}]}},"_links":{"self":[{"href":"https:\/\/cpcs.ufms.br\/en\/wp-json\/wp\/v2\/posts\/9743","targetHints":{"allow":["GET"]}}],"collection":[{"href":"https:\/\/cpcs.ufms.br\/en\/wp-json\/wp\/v2\/posts"}],"about":[{"href":"https:\/\/cpcs.ufms.br\/en\/wp-json\/wp\/v2\/types\/post"}],"author":[{"embeddable":true,"href":"https:\/\/cpcs.ufms.br\/en\/wp-json\/wp\/v2\/users\/699"}],"replies":[{"embeddable":true,"href":"https:\/\/cpcs.ufms.br\/en\/wp-json\/wp\/v2\/comments?post=9743"}],"version-history":[{"count":3,"href":"https:\/\/cpcs.ufms.br\/en\/wp-json\/wp\/v2\/posts\/9743\/revisions"}],"predecessor-version":[{"id":9871,"href":"https:\/\/cpcs.ufms.br\/en\/wp-json\/wp\/v2\/posts\/9743\/revisions\/9871"}],"wp:featuredmedia":[{"embeddable":true,"href":"https:\/\/cpcs.ufms.br\/en\/wp-json\/wp\/v2\/media\/9744"}],"wp:attachment":[{"href":"https:\/\/cpcs.ufms.br\/en\/wp-json\/wp\/v2\/media?parent=9743"}],"wp:term":[{"taxonomy":"category","embeddable":true,"href":"https:\/\/cpcs.ufms.br\/en\/wp-json\/wp\/v2\/categories?post=9743"},{"taxonomy":"post_tag","embeddable":true,"href":"https:\/\/cpcs.ufms.br\/en\/wp-json\/wp\/v2\/tags?post=9743"},{"taxonomy":"author","embeddable":true,"href":"https:\/\/cpcs.ufms.br\/en\/wp-json\/wp\/v2\/coauthors?post=9743"}],"curies":[{"name":"wp","href":"https:\/\/api.w.org\/{rel}","templated":true}]}}