{"id":8500,"date":"2022-10-18T14:59:02","date_gmt":"2022-10-18T18:59:02","guid":{"rendered":"https:\/\/cpcs.ufms.br\/?p=8500"},"modified":"2023-03-05T21:36:15","modified_gmt":"2023-03-06T01:36:15","slug":"evento-dialogos-criativos","status":"publish","type":"post","link":"https:\/\/cpcs.ufms.br\/en\/evento-dialogos-criativos\/","title":{"rendered":"EVENTO DI\u00c1LOGOS CRIATIVOS"},"content":{"rendered":"<p><a href=\"https:\/\/cpcs.ufms.br\/files\/2022\/10\/WhatsApp-Image-2022-10-18-at-12.38.12.jpeg\"><img decoding=\"async\" class=\"alignleft size-thumbnail wp-image-8501\" src=\"https:\/\/cpcs.ufms.br\/files\/2022\/10\/WhatsApp-Image-2022-10-18-at-12.38.12-150x150.jpeg\" alt=\"\" width=\"150\" height=\"150\" srcset=\"https:\/\/cpcs.ufms.br\/files\/2022\/10\/WhatsApp-Image-2022-10-18-at-12.38.12-150x150.jpeg 150w, https:\/\/cpcs.ufms.br\/files\/2022\/10\/WhatsApp-Image-2022-10-18-at-12.38.12-60x60.jpeg 60w\" sizes=\"(max-width: 150px) 100vw, 150px\" \/><\/a>No dia 6 de outubro os alunos do 8. per\u00edodo de Administra\u00e7\u00e3o do CPCS realizaram o evento<br \/>\n\u201cDi\u00e1logos Criativos\u201d sob orienta\u00e7\u00e3o da profa. Dra. Narle Teixeira.<br \/>\nO evento foi a segunda avalia\u00e7\u00e3o parcial da disciplina \u201cCriatividade e Inova\u00e7\u00e3o\u201d, sendo<br \/>\nsolicitado como um desafio que envolvia habilidades de gest\u00e3o e criatividade, trabalhado pelos 15 alunos conjuntamente.<br \/>\nA turma disp\u00f4s de 10 dias entre o planejamento e a realiza\u00e7\u00e3o, sendo que a toda a exposi\u00e7\u00e3o<br \/>\nfoi montada em 1hora e meia no dia do evento, pois o objetivo era surpreender os alunos das outras turmas no intervalo da aula.<br \/>\nCerca de 120 alunos visitaram a sala do evento e nela puderam interagir com opini\u00f5es sobre inova\u00e7\u00e3o e criatividade e ideias de novos neg\u00f3cios para a cidade. Aspectos te\u00f3ricos sobre inova\u00e7\u00e3o e criatividade tamb\u00e9m foram expostos de forma criativa, al\u00e9m de um v\u00eddeo com cases mundiais e locais sobre inova\u00e7\u00e3o em neg\u00f3cios. Foi exposto ainda todo o processo de cria\u00e7\u00e3o de um neg\u00f3cio com uso do design thinking (incluindo o prot\u00f3tipo), um projeto que tamb\u00e9m foi realizado pelos acad\u00eamicos do 8. per\u00edodo na \u00faltima oferta de inverno.<\/p>\n","protected":false},"excerpt":{"rendered":"<p>No dia 6 de outubro os alunos do 8. per\u00edodo de Administra\u00e7\u00e3o do CPCS realizaram o evento \u201cDi\u00e1logos Criativos\u201d sob orienta\u00e7\u00e3o da profa. Dra. Narle Teixeira. O evento foi a segunda avalia\u00e7\u00e3o parcial da disciplina \u201cCriatividade e Inova\u00e7\u00e3o\u201d, sendo solicitado como um desafio que envolvia habilidades de gest\u00e3o e criatividade, trabalhado pelos 15 alunos conjuntamente. [&hellip;]<\/p>\n","protected":false},"author":699,"featured_media":8501,"comment_status":"closed","ping_status":"closed","sticky":false,"template":"","format":"standard","meta":{"ngg_post_thumbnail":0,"footnotes":""},"categories":[1],"tags":[],"coauthors":[38],"class_list":["post-8500","post","type-post","status-publish","format-standard","has-post-thumbnail","hentry","category-noticias"],"yoast_head":"<!-- This site is optimized with the Yoast SEO plugin v26.2 - https:\/\/yoast.com\/wordpress\/plugins\/seo\/ -->\n<title>EVENTO DI\u00c1LOGOS CRIATIVOS - Campus de Chapad\u00e3o do Sul<\/title>\n<meta name=\"robots\" content=\"index, follow, max-snippet:-1, max-image-preview:large, max-video-preview:-1\" \/>\n<link rel=\"canonical\" href=\"https:\/\/cpcs.ufms.br\/evento-dialogos-criativos\/\" \/>\n<meta property=\"og:locale\" content=\"en_US\" \/>\n<meta property=\"og:type\" content=\"article\" \/>\n<meta property=\"og:title\" content=\"EVENTO DI\u00c1LOGOS CRIATIVOS - Campus de Chapad\u00e3o do Sul\" \/>\n<meta property=\"og:description\" content=\"No dia 6 de outubro os alunos do 8. per\u00edodo de Administra\u00e7\u00e3o do CPCS realizaram o evento \u201cDi\u00e1logos Criativos\u201d sob orienta\u00e7\u00e3o da profa. Dra. Narle Teixeira. O evento foi a segunda avalia\u00e7\u00e3o parcial da disciplina \u201cCriatividade e Inova\u00e7\u00e3o\u201d, sendo solicitado como um desafio que envolvia habilidades de gest\u00e3o e criatividade, trabalhado pelos 15 alunos conjuntamente. [&hellip;]\" \/>\n<meta property=\"og:url\" content=\"https:\/\/cpcs.ufms.br\/evento-dialogos-criativos\/\" \/>\n<meta property=\"og:site_name\" content=\"Campus de Chapad\u00e3o do Sul\" \/>\n<meta property=\"article:published_time\" content=\"2022-10-18T18:59:02+00:00\" \/>\n<meta property=\"article:modified_time\" content=\"2023-03-06T01:36:15+00:00\" \/>\n<meta property=\"og:image\" content=\"https:\/\/cpcs.ufms.br\/files\/2022\/10\/WhatsApp-Image-2022-10-18-at-12.38.12.jpeg\" \/>\n\t<meta property=\"og:image:width\" content=\"1600\" \/>\n\t<meta property=\"og:image:height\" content=\"1200\" \/>\n\t<meta property=\"og:image:type\" content=\"image\/jpeg\" \/>\n<meta name=\"author\" content=\"Daniel Fernando Figueiredo Spengler\" \/>\n<meta name=\"twitter:label1\" content=\"Written by\" \/>\n\t<meta name=\"twitter:data1\" content=\"Daniel Fernando Figueiredo Spengler\" \/>\n\t<meta name=\"twitter:label2\" content=\"Est. reading time\" \/>\n\t<meta name=\"twitter:data2\" content=\"2 minutes\" \/>\n<script type=\"application\/ld+json\" class=\"yoast-schema-graph\">{\"@context\":\"https:\/\/schema.org\",\"@graph\":[{\"@type\":\"WebPage\",\"@id\":\"https:\/\/cpcs.ufms.br\/evento-dialogos-criativos\/\",\"url\":\"https:\/\/cpcs.ufms.br\/evento-dialogos-criativos\/\",\"name\":\"EVENTO DI\u00c1LOGOS CRIATIVOS - Campus de Chapad\u00e3o do Sul\",\"isPartOf\":{\"@id\":\"https:\/\/cpcs.ufms.br\/#website\"},\"primaryImageOfPage\":{\"@id\":\"https:\/\/cpcs.ufms.br\/evento-dialogos-criativos\/#primaryimage\"},\"image\":{\"@id\":\"https:\/\/cpcs.ufms.br\/evento-dialogos-criativos\/#primaryimage\"},\"thumbnailUrl\":\"https:\/\/cpcs.ufms.br\/files\/2022\/10\/WhatsApp-Image-2022-10-18-at-12.38.12.jpeg\",\"datePublished\":\"2022-10-18T18:59:02+00:00\",\"dateModified\":\"2023-03-06T01:36:15+00:00\",\"author\":{\"@id\":\"https:\/\/cpcs.ufms.br\/#\/schema\/person\/e982c284b559a40d9dc7e8b0606784c7\"},\"breadcrumb\":{\"@id\":\"https:\/\/cpcs.ufms.br\/evento-dialogos-criativos\/#breadcrumb\"},\"inLanguage\":\"en-US\",\"potentialAction\":[{\"@type\":\"ReadAction\",\"target\":[\"https:\/\/cpcs.ufms.br\/evento-dialogos-criativos\/\"]}]},{\"@type\":\"ImageObject\",\"inLanguage\":\"en-US\",\"@id\":\"https:\/\/cpcs.ufms.br\/evento-dialogos-criativos\/#primaryimage\",\"url\":\"https:\/\/cpcs.ufms.br\/files\/2022\/10\/WhatsApp-Image-2022-10-18-at-12.38.12.jpeg\",\"contentUrl\":\"https:\/\/cpcs.ufms.br\/files\/2022\/10\/WhatsApp-Image-2022-10-18-at-12.38.12.jpeg\",\"width\":1600,\"height\":1200},{\"@type\":\"BreadcrumbList\",\"@id\":\"https:\/\/cpcs.ufms.br\/evento-dialogos-criativos\/#breadcrumb\",\"itemListElement\":[{\"@type\":\"ListItem\",\"position\":1,\"name\":\"In\u00edcio\",\"item\":\"https:\/\/cpcs.ufms.br\/\"},{\"@type\":\"ListItem\",\"position\":2,\"name\":\"EVENTO DI\u00c1LOGOS CRIATIVOS\"}]},{\"@type\":\"WebSite\",\"@id\":\"https:\/\/cpcs.ufms.br\/#website\",\"url\":\"https:\/\/cpcs.ufms.br\/\",\"name\":\"Campus de Chapad\u00e3o do Sul\",\"description\":\"Universidade Federal de Mato Grosso do Sul\",\"potentialAction\":[{\"@type\":\"SearchAction\",\"target\":{\"@type\":\"EntryPoint\",\"urlTemplate\":\"https:\/\/cpcs.ufms.br\/?s={search_term_string}\"},\"query-input\":{\"@type\":\"PropertyValueSpecification\",\"valueRequired\":true,\"valueName\":\"search_term_string\"}}],\"inLanguage\":\"en-US\"},{\"@type\":\"Person\",\"@id\":\"https:\/\/cpcs.ufms.br\/#\/schema\/person\/e982c284b559a40d9dc7e8b0606784c7\",\"name\":\"Daniel Fernando Figueiredo Spengler\",\"sameAs\":[\"http:\/\/bibliotecacpcs.blogspot.com.br\/\"],\"url\":\"https:\/\/cpcs.ufms.br\/en\/author\/daniel-spengler\/\"}]}<\/script>\n<!-- \/ Yoast SEO plugin. -->","yoast_head_json":{"title":"EVENTO DI\u00c1LOGOS CRIATIVOS - Campus de Chapad\u00e3o do Sul","robots":{"index":"index","follow":"follow","max-snippet":"max-snippet:-1","max-image-preview":"max-image-preview:large","max-video-preview":"max-video-preview:-1"},"canonical":"https:\/\/cpcs.ufms.br\/evento-dialogos-criativos\/","og_locale":"en_US","og_type":"article","og_title":"EVENTO DI\u00c1LOGOS CRIATIVOS - Campus de Chapad\u00e3o do Sul","og_description":"No dia 6 de outubro os alunos do 8. per\u00edodo de Administra\u00e7\u00e3o do CPCS realizaram o evento \u201cDi\u00e1logos Criativos\u201d sob orienta\u00e7\u00e3o da profa. Dra. Narle Teixeira. O evento foi a segunda avalia\u00e7\u00e3o parcial da disciplina \u201cCriatividade e Inova\u00e7\u00e3o\u201d, sendo solicitado como um desafio que envolvia habilidades de gest\u00e3o e criatividade, trabalhado pelos 15 alunos conjuntamente. [&hellip;]","og_url":"https:\/\/cpcs.ufms.br\/evento-dialogos-criativos\/","og_site_name":"Campus de Chapad\u00e3o do Sul","article_published_time":"2022-10-18T18:59:02+00:00","article_modified_time":"2023-03-06T01:36:15+00:00","og_image":[{"width":1600,"height":1200,"url":"https:\/\/cpcs.ufms.br\/files\/2022\/10\/WhatsApp-Image-2022-10-18-at-12.38.12.jpeg","type":"image\/jpeg"}],"author":"Daniel Fernando Figueiredo Spengler","twitter_misc":{"Written by":"Daniel Fernando Figueiredo Spengler","Est. reading time":"2 minutes"},"schema":{"@context":"https:\/\/schema.org","@graph":[{"@type":"WebPage","@id":"https:\/\/cpcs.ufms.br\/evento-dialogos-criativos\/","url":"https:\/\/cpcs.ufms.br\/evento-dialogos-criativos\/","name":"EVENTO DI\u00c1LOGOS CRIATIVOS - Campus de Chapad\u00e3o do Sul","isPartOf":{"@id":"https:\/\/cpcs.ufms.br\/#website"},"primaryImageOfPage":{"@id":"https:\/\/cpcs.ufms.br\/evento-dialogos-criativos\/#primaryimage"},"image":{"@id":"https:\/\/cpcs.ufms.br\/evento-dialogos-criativos\/#primaryimage"},"thumbnailUrl":"https:\/\/cpcs.ufms.br\/files\/2022\/10\/WhatsApp-Image-2022-10-18-at-12.38.12.jpeg","datePublished":"2022-10-18T18:59:02+00:00","dateModified":"2023-03-06T01:36:15+00:00","author":{"@id":"https:\/\/cpcs.ufms.br\/#\/schema\/person\/e982c284b559a40d9dc7e8b0606784c7"},"breadcrumb":{"@id":"https:\/\/cpcs.ufms.br\/evento-dialogos-criativos\/#breadcrumb"},"inLanguage":"en-US","potentialAction":[{"@type":"ReadAction","target":["https:\/\/cpcs.ufms.br\/evento-dialogos-criativos\/"]}]},{"@type":"ImageObject","inLanguage":"en-US","@id":"https:\/\/cpcs.ufms.br\/evento-dialogos-criativos\/#primaryimage","url":"https:\/\/cpcs.ufms.br\/files\/2022\/10\/WhatsApp-Image-2022-10-18-at-12.38.12.jpeg","contentUrl":"https:\/\/cpcs.ufms.br\/files\/2022\/10\/WhatsApp-Image-2022-10-18-at-12.38.12.jpeg","width":1600,"height":1200},{"@type":"BreadcrumbList","@id":"https:\/\/cpcs.ufms.br\/evento-dialogos-criativos\/#breadcrumb","itemListElement":[{"@type":"ListItem","position":1,"name":"In\u00edcio","item":"https:\/\/cpcs.ufms.br\/"},{"@type":"ListItem","position":2,"name":"EVENTO DI\u00c1LOGOS CRIATIVOS"}]},{"@type":"WebSite","@id":"https:\/\/cpcs.ufms.br\/#website","url":"https:\/\/cpcs.ufms.br\/","name":"Campus de Chapad\u00e3o do Sul","description":"Universidade Federal de Mato Grosso do Sul","potentialAction":[{"@type":"SearchAction","target":{"@type":"EntryPoint","urlTemplate":"https:\/\/cpcs.ufms.br\/?s={search_term_string}"},"query-input":{"@type":"PropertyValueSpecification","valueRequired":true,"valueName":"search_term_string"}}],"inLanguage":"en-US"},{"@type":"Person","@id":"https:\/\/cpcs.ufms.br\/#\/schema\/person\/e982c284b559a40d9dc7e8b0606784c7","name":"Daniel Fernando Figueiredo Spengler","sameAs":["http:\/\/bibliotecacpcs.blogspot.com.br\/"],"url":"https:\/\/cpcs.ufms.br\/en\/author\/daniel-spengler\/"}]}},"_links":{"self":[{"href":"https:\/\/cpcs.ufms.br\/en\/wp-json\/wp\/v2\/posts\/8500","targetHints":{"allow":["GET"]}}],"collection":[{"href":"https:\/\/cpcs.ufms.br\/en\/wp-json\/wp\/v2\/posts"}],"about":[{"href":"https:\/\/cpcs.ufms.br\/en\/wp-json\/wp\/v2\/types\/post"}],"author":[{"embeddable":true,"href":"https:\/\/cpcs.ufms.br\/en\/wp-json\/wp\/v2\/users\/699"}],"replies":[{"embeddable":true,"href":"https:\/\/cpcs.ufms.br\/en\/wp-json\/wp\/v2\/comments?post=8500"}],"version-history":[{"count":4,"href":"https:\/\/cpcs.ufms.br\/en\/wp-json\/wp\/v2\/posts\/8500\/revisions"}],"predecessor-version":[{"id":8826,"href":"https:\/\/cpcs.ufms.br\/en\/wp-json\/wp\/v2\/posts\/8500\/revisions\/8826"}],"wp:featuredmedia":[{"embeddable":true,"href":"https:\/\/cpcs.ufms.br\/en\/wp-json\/wp\/v2\/media\/8501"}],"wp:attachment":[{"href":"https:\/\/cpcs.ufms.br\/en\/wp-json\/wp\/v2\/media?parent=8500"}],"wp:term":[{"taxonomy":"category","embeddable":true,"href":"https:\/\/cpcs.ufms.br\/en\/wp-json\/wp\/v2\/categories?post=8500"},{"taxonomy":"post_tag","embeddable":true,"href":"https:\/\/cpcs.ufms.br\/en\/wp-json\/wp\/v2\/tags?post=8500"},{"taxonomy":"author","embeddable":true,"href":"https:\/\/cpcs.ufms.br\/en\/wp-json\/wp\/v2\/coauthors?post=8500"}],"curies":[{"name":"wp","href":"https:\/\/api.w.org\/{rel}","templated":true}]}}