{"id":8463,"date":"2022-09-06T20:48:18","date_gmt":"2022-09-07T00:48:18","guid":{"rendered":"https:\/\/cpcs.ufms.br\/?p=8463"},"modified":"2022-09-06T20:48:18","modified_gmt":"2022-09-07T00:48:18","slug":"semana-de-desenvolvimento-profissional-sedep-motiva-discentes-no-cpcs","status":"publish","type":"post","link":"https:\/\/cpcs.ufms.br\/en\/semana-de-desenvolvimento-profissional-sedep-motiva-discentes-no-cpcs\/","title":{"rendered":"Semana de Desenvolvimento Profissional (SEDEP) motiva discentes no CPCS"},"content":{"rendered":"<p>Nos dias 17 e 18 de agosto, o campus de Chapad\u00e3o do Sul promoveu com \u00eaxito a Semana de Desenvolvimento Profissional (SEDEP), que teve como objetivo aproximar os alunos e egressos ao mercado de trabalho, al\u00e9m da integra\u00e7\u00e3o com empresas e institui\u00e7\u00f5es. O evento foi realizado de forma totalmente gratuita o que permitiu a participa\u00e7\u00e3o um grande n\u00famero de discentes e docentes de ambos os cursos.<\/p>\n<p>O evento foi realizado no anfiteatro do Campus de Chapad\u00e3o do Sul (CPCS) e contou com uma\u00a0 programa\u00e7\u00e3o dividida em dois dias (17 e 18 de agosto) sendo o primeiro dia destinado a uma\u00a0 confer\u00eancia e\u00a0 segundo dia a uma mesa redonda.<\/p>\n<p>Texto da not\u00edcia: Maria Giulia Hayashi<\/p>\n<p>Fonte: <a href=\"https:\/\/petagroflorestal.ufms.br\/semana-de-desenvolvimento-profissional-sedep-motiva-discentes-no-cpcs\/\">Semana de Desenvolvimento Profissional (SEDEP) motiva discentes no CPCS. \u2013 PET Agroflorestal (ufms.br)<\/a><\/p>\n","protected":false},"excerpt":{"rendered":"<p>Nos dias 17 e 18 de agosto, o campus de Chapad\u00e3o do Sul promoveu com \u00eaxito a Semana de Desenvolvimento Profissional (SEDEP), que teve como objetivo aproximar os alunos e egressos ao mercado de trabalho, al\u00e9m da integra\u00e7\u00e3o com empresas e institui\u00e7\u00f5es. O evento foi realizado de forma totalmente gratuita o que permitiu a participa\u00e7\u00e3o [&hellip;]<\/p>\n","protected":false},"author":699,"featured_media":0,"comment_status":"closed","ping_status":"closed","sticky":false,"template":"","format":"standard","meta":{"ngg_post_thumbnail":0,"footnotes":""},"categories":[1],"tags":[],"coauthors":[38],"class_list":["post-8463","post","type-post","status-publish","format-standard","hentry","category-noticias"],"yoast_head":"<!-- This site is optimized with the Yoast SEO plugin v26.2 - https:\/\/yoast.com\/wordpress\/plugins\/seo\/ -->\n<title>Semana de Desenvolvimento Profissional (SEDEP) motiva discentes no CPCS - Campus de Chapad\u00e3o do Sul<\/title>\n<meta name=\"robots\" content=\"index, follow, max-snippet:-1, max-image-preview:large, max-video-preview:-1\" \/>\n<link rel=\"canonical\" href=\"https:\/\/cpcs.ufms.br\/semana-de-desenvolvimento-profissional-sedep-motiva-discentes-no-cpcs\/\" \/>\n<meta property=\"og:locale\" content=\"en_US\" \/>\n<meta property=\"og:type\" content=\"article\" \/>\n<meta property=\"og:title\" content=\"Semana de Desenvolvimento Profissional (SEDEP) motiva discentes no CPCS - Campus de Chapad\u00e3o do Sul\" \/>\n<meta property=\"og:description\" content=\"Nos dias 17 e 18 de agosto, o campus de Chapad\u00e3o do Sul promoveu com \u00eaxito a Semana de Desenvolvimento Profissional (SEDEP), que teve como objetivo aproximar os alunos e egressos ao mercado de trabalho, al\u00e9m da integra\u00e7\u00e3o com empresas e institui\u00e7\u00f5es. O evento foi realizado de forma totalmente gratuita o que permitiu a participa\u00e7\u00e3o [&hellip;]\" \/>\n<meta property=\"og:url\" content=\"https:\/\/cpcs.ufms.br\/semana-de-desenvolvimento-profissional-sedep-motiva-discentes-no-cpcs\/\" \/>\n<meta property=\"og:site_name\" content=\"Campus de Chapad\u00e3o do Sul\" \/>\n<meta property=\"article:published_time\" content=\"2022-09-07T00:48:18+00:00\" \/>\n<meta name=\"author\" content=\"Daniel Fernando Figueiredo Spengler\" \/>\n<meta name=\"twitter:label1\" content=\"Written by\" \/>\n\t<meta name=\"twitter:data1\" content=\"Daniel Fernando Figueiredo Spengler\" \/>\n\t<meta name=\"twitter:label2\" content=\"Est. reading time\" \/>\n\t<meta name=\"twitter:data2\" content=\"1 minute\" \/>\n<script type=\"application\/ld+json\" class=\"yoast-schema-graph\">{\"@context\":\"https:\/\/schema.org\",\"@graph\":[{\"@type\":\"WebPage\",\"@id\":\"https:\/\/cpcs.ufms.br\/semana-de-desenvolvimento-profissional-sedep-motiva-discentes-no-cpcs\/\",\"url\":\"https:\/\/cpcs.ufms.br\/semana-de-desenvolvimento-profissional-sedep-motiva-discentes-no-cpcs\/\",\"name\":\"Semana de Desenvolvimento Profissional (SEDEP) motiva discentes no CPCS - Campus de Chapad\u00e3o do Sul\",\"isPartOf\":{\"@id\":\"https:\/\/cpcs.ufms.br\/#website\"},\"datePublished\":\"2022-09-07T00:48:18+00:00\",\"author\":{\"@id\":\"https:\/\/cpcs.ufms.br\/#\/schema\/person\/e982c284b559a40d9dc7e8b0606784c7\"},\"breadcrumb\":{\"@id\":\"https:\/\/cpcs.ufms.br\/semana-de-desenvolvimento-profissional-sedep-motiva-discentes-no-cpcs\/#breadcrumb\"},\"inLanguage\":\"en-US\",\"potentialAction\":[{\"@type\":\"ReadAction\",\"target\":[\"https:\/\/cpcs.ufms.br\/semana-de-desenvolvimento-profissional-sedep-motiva-discentes-no-cpcs\/\"]}]},{\"@type\":\"BreadcrumbList\",\"@id\":\"https:\/\/cpcs.ufms.br\/semana-de-desenvolvimento-profissional-sedep-motiva-discentes-no-cpcs\/#breadcrumb\",\"itemListElement\":[{\"@type\":\"ListItem\",\"position\":1,\"name\":\"In\u00edcio\",\"item\":\"https:\/\/cpcs.ufms.br\/\"},{\"@type\":\"ListItem\",\"position\":2,\"name\":\"Semana de Desenvolvimento Profissional (SEDEP) motiva discentes no CPCS\"}]},{\"@type\":\"WebSite\",\"@id\":\"https:\/\/cpcs.ufms.br\/#website\",\"url\":\"https:\/\/cpcs.ufms.br\/\",\"name\":\"Campus de Chapad\u00e3o do Sul\",\"description\":\"Universidade Federal de Mato Grosso do Sul\",\"potentialAction\":[{\"@type\":\"SearchAction\",\"target\":{\"@type\":\"EntryPoint\",\"urlTemplate\":\"https:\/\/cpcs.ufms.br\/?s={search_term_string}\"},\"query-input\":{\"@type\":\"PropertyValueSpecification\",\"valueRequired\":true,\"valueName\":\"search_term_string\"}}],\"inLanguage\":\"en-US\"},{\"@type\":\"Person\",\"@id\":\"https:\/\/cpcs.ufms.br\/#\/schema\/person\/e982c284b559a40d9dc7e8b0606784c7\",\"name\":\"Daniel Fernando Figueiredo Spengler\",\"sameAs\":[\"http:\/\/bibliotecacpcs.blogspot.com.br\/\"],\"url\":\"https:\/\/cpcs.ufms.br\/en\/author\/daniel-spengler\/\"}]}<\/script>\n<!-- \/ Yoast SEO plugin. -->","yoast_head_json":{"title":"Semana de Desenvolvimento Profissional (SEDEP) motiva discentes no CPCS - Campus de Chapad\u00e3o do Sul","robots":{"index":"index","follow":"follow","max-snippet":"max-snippet:-1","max-image-preview":"max-image-preview:large","max-video-preview":"max-video-preview:-1"},"canonical":"https:\/\/cpcs.ufms.br\/semana-de-desenvolvimento-profissional-sedep-motiva-discentes-no-cpcs\/","og_locale":"en_US","og_type":"article","og_title":"Semana de Desenvolvimento Profissional (SEDEP) motiva discentes no CPCS - Campus de Chapad\u00e3o do Sul","og_description":"Nos dias 17 e 18 de agosto, o campus de Chapad\u00e3o do Sul promoveu com \u00eaxito a Semana de Desenvolvimento Profissional (SEDEP), que teve como objetivo aproximar os alunos e egressos ao mercado de trabalho, al\u00e9m da integra\u00e7\u00e3o com empresas e institui\u00e7\u00f5es. O evento foi realizado de forma totalmente gratuita o que permitiu a participa\u00e7\u00e3o [&hellip;]","og_url":"https:\/\/cpcs.ufms.br\/semana-de-desenvolvimento-profissional-sedep-motiva-discentes-no-cpcs\/","og_site_name":"Campus de Chapad\u00e3o do Sul","article_published_time":"2022-09-07T00:48:18+00:00","author":"Daniel Fernando Figueiredo Spengler","twitter_misc":{"Written by":"Daniel Fernando Figueiredo Spengler","Est. reading time":"1 minute"},"schema":{"@context":"https:\/\/schema.org","@graph":[{"@type":"WebPage","@id":"https:\/\/cpcs.ufms.br\/semana-de-desenvolvimento-profissional-sedep-motiva-discentes-no-cpcs\/","url":"https:\/\/cpcs.ufms.br\/semana-de-desenvolvimento-profissional-sedep-motiva-discentes-no-cpcs\/","name":"Semana de Desenvolvimento Profissional (SEDEP) motiva discentes no CPCS - Campus de Chapad\u00e3o do Sul","isPartOf":{"@id":"https:\/\/cpcs.ufms.br\/#website"},"datePublished":"2022-09-07T00:48:18+00:00","author":{"@id":"https:\/\/cpcs.ufms.br\/#\/schema\/person\/e982c284b559a40d9dc7e8b0606784c7"},"breadcrumb":{"@id":"https:\/\/cpcs.ufms.br\/semana-de-desenvolvimento-profissional-sedep-motiva-discentes-no-cpcs\/#breadcrumb"},"inLanguage":"en-US","potentialAction":[{"@type":"ReadAction","target":["https:\/\/cpcs.ufms.br\/semana-de-desenvolvimento-profissional-sedep-motiva-discentes-no-cpcs\/"]}]},{"@type":"BreadcrumbList","@id":"https:\/\/cpcs.ufms.br\/semana-de-desenvolvimento-profissional-sedep-motiva-discentes-no-cpcs\/#breadcrumb","itemListElement":[{"@type":"ListItem","position":1,"name":"In\u00edcio","item":"https:\/\/cpcs.ufms.br\/"},{"@type":"ListItem","position":2,"name":"Semana de Desenvolvimento Profissional (SEDEP) motiva discentes no CPCS"}]},{"@type":"WebSite","@id":"https:\/\/cpcs.ufms.br\/#website","url":"https:\/\/cpcs.ufms.br\/","name":"Campus de Chapad\u00e3o do Sul","description":"Universidade Federal de Mato Grosso do Sul","potentialAction":[{"@type":"SearchAction","target":{"@type":"EntryPoint","urlTemplate":"https:\/\/cpcs.ufms.br\/?s={search_term_string}"},"query-input":{"@type":"PropertyValueSpecification","valueRequired":true,"valueName":"search_term_string"}}],"inLanguage":"en-US"},{"@type":"Person","@id":"https:\/\/cpcs.ufms.br\/#\/schema\/person\/e982c284b559a40d9dc7e8b0606784c7","name":"Daniel Fernando Figueiredo Spengler","sameAs":["http:\/\/bibliotecacpcs.blogspot.com.br\/"],"url":"https:\/\/cpcs.ufms.br\/en\/author\/daniel-spengler\/"}]}},"_links":{"self":[{"href":"https:\/\/cpcs.ufms.br\/en\/wp-json\/wp\/v2\/posts\/8463","targetHints":{"allow":["GET"]}}],"collection":[{"href":"https:\/\/cpcs.ufms.br\/en\/wp-json\/wp\/v2\/posts"}],"about":[{"href":"https:\/\/cpcs.ufms.br\/en\/wp-json\/wp\/v2\/types\/post"}],"author":[{"embeddable":true,"href":"https:\/\/cpcs.ufms.br\/en\/wp-json\/wp\/v2\/users\/699"}],"replies":[{"embeddable":true,"href":"https:\/\/cpcs.ufms.br\/en\/wp-json\/wp\/v2\/comments?post=8463"}],"version-history":[{"count":1,"href":"https:\/\/cpcs.ufms.br\/en\/wp-json\/wp\/v2\/posts\/8463\/revisions"}],"predecessor-version":[{"id":8464,"href":"https:\/\/cpcs.ufms.br\/en\/wp-json\/wp\/v2\/posts\/8463\/revisions\/8464"}],"wp:attachment":[{"href":"https:\/\/cpcs.ufms.br\/en\/wp-json\/wp\/v2\/media?parent=8463"}],"wp:term":[{"taxonomy":"category","embeddable":true,"href":"https:\/\/cpcs.ufms.br\/en\/wp-json\/wp\/v2\/categories?post=8463"},{"taxonomy":"post_tag","embeddable":true,"href":"https:\/\/cpcs.ufms.br\/en\/wp-json\/wp\/v2\/tags?post=8463"},{"taxonomy":"author","embeddable":true,"href":"https:\/\/cpcs.ufms.br\/en\/wp-json\/wp\/v2\/coauthors?post=8463"}],"curies":[{"name":"wp","href":"https:\/\/api.w.org\/{rel}","templated":true}]}}