{"id":8423,"date":"2022-08-10T15:00:49","date_gmt":"2022-08-10T19:00:49","guid":{"rendered":"https:\/\/cpcs.ufms.br\/?p=8423"},"modified":"2023-03-05T21:38:04","modified_gmt":"2023-03-06T01:38:04","slug":"integra-ufms-inscricoes-ate-28-de-agosto","status":"publish","type":"post","link":"https:\/\/cpcs.ufms.br\/en\/integra-ufms-inscricoes-ate-28-de-agosto\/","title":{"rendered":"Integra UFMS &#8211; Inscri\u00e7\u00f5es at\u00e9 28 de Agosto"},"content":{"rendered":"<p style=\"text-align: justify\">Informamos que o Integra UFMS, maior evento de Ci\u00eancia, Tecnologia, Inova\u00e7\u00e3o e Empreendedorismo de Mato Grosso do Sul, ser\u00e1 realizado de 24 a 28 de outubro de 2022, na Cidade Universit\u00e1ria, em um formato h\u00edbrido, com apresenta\u00e7\u00f5es presenciais, semin\u00e1rios digitais e atividades culturais.<\/p>\n<p style=\"text-align: justify\">Estudantes de gradua\u00e7\u00e3o e de p\u00f3s-gradua\u00e7\u00e3o, professores, t\u00e9cnicos e egressos podem submeter trabalhos vinculados a a\u00e7\u00f5es institucionalmente aprovadas e que tenham sido executadas em 2021 ou 2022.<\/p>\n<p style=\"text-align: justify\">As inscri\u00e7\u00f5es devem ser realizadas por um dos autores do trabalho, pelo SIGProj, por meio da submiss\u00e3o do resumo do trabalho, v\u00eddeo para divulga\u00e7\u00e3o e banner para apresenta\u00e7\u00e3o, conforme o <strong><a href=\"http:\/\/integra.ufms.br\/\" target=\"_blank\" rel=\"noopener\">Edital<\/a><\/strong> de sele\u00e7\u00e3o.\u00a0 O prazo m\u00e1ximo para submiss\u00e3o dos trabalhos no SIGProj \u00e9 28 de Agosto de 2022.<\/p>\n<p style=\"text-align: justify\">Uma das novidades do Integra UFMS 2022 \u00e9 que, al\u00e9m das apresenta\u00e7\u00f5es presenciais dos trabalhos no evento, os estudantes poder\u00e3o apresentar, tamb\u00e9m, nas escolas, para alunos dos ensinos fundamental e m\u00e9dio, e receber certificados com horas de extens\u00e3o a serem curricularizadas. Os estudantes que desejarem, poder\u00e3o manifestar interesse no formul\u00e1rio de inscri\u00e7\u00e3o.<\/p>\n<p style=\"text-align: justify\">Portal do Integra UFMS 2022:\u00a0<strong><a href=\"http:\/\/integra.ufms.br\/\" target=\"_blank\" rel=\"noopener noreferrer\" data-saferedirecturl=\"https:\/\/www.google.com\/url?q=http:\/\/integra.ufms.br&amp;source=gmail&amp;ust=1660401229951000&amp;usg=AOvVaw0hxvB_GEF4SJJ8Bgt0_SmB\">http:\/\/integra.ufms.br<\/a><\/strong><br \/>\nSIGProj:\u00a0<strong><a href=\"http:\/\/sigproj.ufms.br\/\" target=\"_blank\" rel=\"noopener noreferrer\" data-saferedirecturl=\"https:\/\/www.google.com\/url?q=http:\/\/sigproj.ufms.br&amp;source=gmail&amp;ust=1660401229951000&amp;usg=AOvVaw2AIVxi4LRvBU_8vhd34iii\">http:\/\/sigproj.ufms.br<\/a><\/strong><\/p>\n<p style=\"text-align: justify\">Informa\u00e7\u00f5es adicionais podem ser obtidas pelo e-mail\u00a0<strong>integra@ufms.br<\/strong>\u00a0ou pelo telefone <strong>3345-7426<\/strong>.<\/p>\n","protected":false},"excerpt":{"rendered":"<p>Informamos que o Integra UFMS, maior evento de Ci\u00eancia, Tecnologia, Inova\u00e7\u00e3o e Empreendedorismo de Mato Grosso do Sul, ser\u00e1 realizado de 24 a 28 de outubro de 2022, na Cidade Universit\u00e1ria, em um formato h\u00edbrido, com apresenta\u00e7\u00f5es presenciais, semin\u00e1rios digitais e atividades culturais. Estudantes de gradua\u00e7\u00e3o e de p\u00f3s-gradua\u00e7\u00e3o, professores, t\u00e9cnicos e egressos podem submeter [&hellip;]<\/p>\n","protected":false},"author":3221,"featured_media":8424,"comment_status":"closed","ping_status":"closed","sticky":false,"template":"","format":"standard","meta":{"ngg_post_thumbnail":0,"footnotes":""},"categories":[1],"tags":[],"coauthors":[32],"class_list":["post-8423","post","type-post","status-publish","format-standard","has-post-thumbnail","hentry","category-noticias"],"yoast_head":"<!-- This site is optimized with the Yoast SEO plugin v26.2 - https:\/\/yoast.com\/wordpress\/plugins\/seo\/ -->\n<title>Integra UFMS - Inscri\u00e7\u00f5es at\u00e9 28 de Agosto - Campus de Chapad\u00e3o do Sul<\/title>\n<meta name=\"description\" content=\"Integra UFMS - Inscri\u00e7\u00f5es at\u00e9 28 de Agosto\" \/>\n<meta name=\"robots\" content=\"index, follow, max-snippet:-1, max-image-preview:large, max-video-preview:-1\" \/>\n<link rel=\"canonical\" href=\"https:\/\/cpcs.ufms.br\/integra-ufms-inscricoes-ate-28-de-agosto\/\" \/>\n<meta property=\"og:locale\" content=\"en_US\" \/>\n<meta property=\"og:type\" content=\"article\" \/>\n<meta property=\"og:title\" content=\"Integra UFMS - Inscri\u00e7\u00f5es at\u00e9 28 de Agosto - Campus de Chapad\u00e3o do Sul\" \/>\n<meta property=\"og:description\" content=\"Integra UFMS - Inscri\u00e7\u00f5es at\u00e9 28 de Agosto\" \/>\n<meta property=\"og:url\" content=\"https:\/\/cpcs.ufms.br\/integra-ufms-inscricoes-ate-28-de-agosto\/\" \/>\n<meta property=\"og:site_name\" content=\"Campus de Chapad\u00e3o do Sul\" \/>\n<meta property=\"article:published_time\" content=\"2022-08-10T19:00:49+00:00\" \/>\n<meta property=\"article:modified_time\" content=\"2023-03-06T01:38:04+00:00\" \/>\n<meta property=\"og:image\" content=\"https:\/\/cpcs.ufms.br\/files\/2022\/08\/Integra_UFMS_2022_site.jpg\" \/>\n\t<meta property=\"og:image:width\" content=\"1080\" \/>\n\t<meta property=\"og:image:height\" content=\"1080\" \/>\n\t<meta property=\"og:image:type\" content=\"image\/jpeg\" \/>\n<meta name=\"author\" content=\"Vilela Bezerra\" \/>\n<meta name=\"twitter:label1\" content=\"Written by\" \/>\n\t<meta name=\"twitter:data1\" content=\"Vilela Bezerra\" \/>\n\t<meta name=\"twitter:label2\" content=\"Est. reading time\" \/>\n\t<meta name=\"twitter:data2\" content=\"2 minutes\" \/>\n<script type=\"application\/ld+json\" class=\"yoast-schema-graph\">{\"@context\":\"https:\/\/schema.org\",\"@graph\":[{\"@type\":\"WebPage\",\"@id\":\"https:\/\/cpcs.ufms.br\/integra-ufms-inscricoes-ate-28-de-agosto\/\",\"url\":\"https:\/\/cpcs.ufms.br\/integra-ufms-inscricoes-ate-28-de-agosto\/\",\"name\":\"Integra UFMS - Inscri\u00e7\u00f5es at\u00e9 28 de Agosto - Campus de Chapad\u00e3o do Sul\",\"isPartOf\":{\"@id\":\"https:\/\/cpcs.ufms.br\/#website\"},\"primaryImageOfPage\":{\"@id\":\"https:\/\/cpcs.ufms.br\/integra-ufms-inscricoes-ate-28-de-agosto\/#primaryimage\"},\"image\":{\"@id\":\"https:\/\/cpcs.ufms.br\/integra-ufms-inscricoes-ate-28-de-agosto\/#primaryimage\"},\"thumbnailUrl\":\"https:\/\/cpcs.ufms.br\/files\/2022\/08\/Integra_UFMS_2022_site.jpg\",\"datePublished\":\"2022-08-10T19:00:49+00:00\",\"dateModified\":\"2023-03-06T01:38:04+00:00\",\"author\":{\"@id\":\"https:\/\/cpcs.ufms.br\/#\/schema\/person\/307d86f665939d17c7b9a8db9b62bc6b\"},\"description\":\"Integra UFMS - Inscri\u00e7\u00f5es at\u00e9 28 de Agosto\",\"breadcrumb\":{\"@id\":\"https:\/\/cpcs.ufms.br\/integra-ufms-inscricoes-ate-28-de-agosto\/#breadcrumb\"},\"inLanguage\":\"en-US\",\"potentialAction\":[{\"@type\":\"ReadAction\",\"target\":[\"https:\/\/cpcs.ufms.br\/integra-ufms-inscricoes-ate-28-de-agosto\/\"]}]},{\"@type\":\"ImageObject\",\"inLanguage\":\"en-US\",\"@id\":\"https:\/\/cpcs.ufms.br\/integra-ufms-inscricoes-ate-28-de-agosto\/#primaryimage\",\"url\":\"https:\/\/cpcs.ufms.br\/files\/2022\/08\/Integra_UFMS_2022_site.jpg\",\"contentUrl\":\"https:\/\/cpcs.ufms.br\/files\/2022\/08\/Integra_UFMS_2022_site.jpg\",\"width\":1080,\"height\":1080},{\"@type\":\"BreadcrumbList\",\"@id\":\"https:\/\/cpcs.ufms.br\/integra-ufms-inscricoes-ate-28-de-agosto\/#breadcrumb\",\"itemListElement\":[{\"@type\":\"ListItem\",\"position\":1,\"name\":\"In\u00edcio\",\"item\":\"https:\/\/cpcs.ufms.br\/\"},{\"@type\":\"ListItem\",\"position\":2,\"name\":\"Integra UFMS &#8211; Inscri\u00e7\u00f5es at\u00e9 28 de Agosto\"}]},{\"@type\":\"WebSite\",\"@id\":\"https:\/\/cpcs.ufms.br\/#website\",\"url\":\"https:\/\/cpcs.ufms.br\/\",\"name\":\"Campus de Chapad\u00e3o do Sul\",\"description\":\"Universidade Federal de Mato Grosso do Sul\",\"potentialAction\":[{\"@type\":\"SearchAction\",\"target\":{\"@type\":\"EntryPoint\",\"urlTemplate\":\"https:\/\/cpcs.ufms.br\/?s={search_term_string}\"},\"query-input\":{\"@type\":\"PropertyValueSpecification\",\"valueRequired\":true,\"valueName\":\"search_term_string\"}}],\"inLanguage\":\"en-US\"},{\"@type\":\"Person\",\"@id\":\"https:\/\/cpcs.ufms.br\/#\/schema\/person\/307d86f665939d17c7b9a8db9b62bc6b\",\"name\":\"Vilela Bezerra\",\"url\":\"https:\/\/cpcs.ufms.br\/en\/author\/luciano-bezerra\/\"}]}<\/script>\n<!-- \/ Yoast SEO plugin. -->","yoast_head_json":{"title":"Integra UFMS - Inscri\u00e7\u00f5es at\u00e9 28 de Agosto - Campus de Chapad\u00e3o do Sul","description":"Integra UFMS - Inscri\u00e7\u00f5es at\u00e9 28 de Agosto","robots":{"index":"index","follow":"follow","max-snippet":"max-snippet:-1","max-image-preview":"max-image-preview:large","max-video-preview":"max-video-preview:-1"},"canonical":"https:\/\/cpcs.ufms.br\/integra-ufms-inscricoes-ate-28-de-agosto\/","og_locale":"en_US","og_type":"article","og_title":"Integra UFMS - Inscri\u00e7\u00f5es at\u00e9 28 de Agosto - Campus de Chapad\u00e3o do Sul","og_description":"Integra UFMS - Inscri\u00e7\u00f5es at\u00e9 28 de Agosto","og_url":"https:\/\/cpcs.ufms.br\/integra-ufms-inscricoes-ate-28-de-agosto\/","og_site_name":"Campus de Chapad\u00e3o do Sul","article_published_time":"2022-08-10T19:00:49+00:00","article_modified_time":"2023-03-06T01:38:04+00:00","og_image":[{"width":1080,"height":1080,"url":"https:\/\/cpcs.ufms.br\/files\/2022\/08\/Integra_UFMS_2022_site.jpg","type":"image\/jpeg"}],"author":"Vilela Bezerra","twitter_misc":{"Written by":"Vilela Bezerra","Est. reading time":"2 minutes"},"schema":{"@context":"https:\/\/schema.org","@graph":[{"@type":"WebPage","@id":"https:\/\/cpcs.ufms.br\/integra-ufms-inscricoes-ate-28-de-agosto\/","url":"https:\/\/cpcs.ufms.br\/integra-ufms-inscricoes-ate-28-de-agosto\/","name":"Integra UFMS - Inscri\u00e7\u00f5es at\u00e9 28 de Agosto - Campus de Chapad\u00e3o do Sul","isPartOf":{"@id":"https:\/\/cpcs.ufms.br\/#website"},"primaryImageOfPage":{"@id":"https:\/\/cpcs.ufms.br\/integra-ufms-inscricoes-ate-28-de-agosto\/#primaryimage"},"image":{"@id":"https:\/\/cpcs.ufms.br\/integra-ufms-inscricoes-ate-28-de-agosto\/#primaryimage"},"thumbnailUrl":"https:\/\/cpcs.ufms.br\/files\/2022\/08\/Integra_UFMS_2022_site.jpg","datePublished":"2022-08-10T19:00:49+00:00","dateModified":"2023-03-06T01:38:04+00:00","author":{"@id":"https:\/\/cpcs.ufms.br\/#\/schema\/person\/307d86f665939d17c7b9a8db9b62bc6b"},"description":"Integra UFMS - Inscri\u00e7\u00f5es at\u00e9 28 de Agosto","breadcrumb":{"@id":"https:\/\/cpcs.ufms.br\/integra-ufms-inscricoes-ate-28-de-agosto\/#breadcrumb"},"inLanguage":"en-US","potentialAction":[{"@type":"ReadAction","target":["https:\/\/cpcs.ufms.br\/integra-ufms-inscricoes-ate-28-de-agosto\/"]}]},{"@type":"ImageObject","inLanguage":"en-US","@id":"https:\/\/cpcs.ufms.br\/integra-ufms-inscricoes-ate-28-de-agosto\/#primaryimage","url":"https:\/\/cpcs.ufms.br\/files\/2022\/08\/Integra_UFMS_2022_site.jpg","contentUrl":"https:\/\/cpcs.ufms.br\/files\/2022\/08\/Integra_UFMS_2022_site.jpg","width":1080,"height":1080},{"@type":"BreadcrumbList","@id":"https:\/\/cpcs.ufms.br\/integra-ufms-inscricoes-ate-28-de-agosto\/#breadcrumb","itemListElement":[{"@type":"ListItem","position":1,"name":"In\u00edcio","item":"https:\/\/cpcs.ufms.br\/"},{"@type":"ListItem","position":2,"name":"Integra UFMS &#8211; Inscri\u00e7\u00f5es at\u00e9 28 de Agosto"}]},{"@type":"WebSite","@id":"https:\/\/cpcs.ufms.br\/#website","url":"https:\/\/cpcs.ufms.br\/","name":"Campus de Chapad\u00e3o do Sul","description":"Universidade Federal de Mato Grosso do Sul","potentialAction":[{"@type":"SearchAction","target":{"@type":"EntryPoint","urlTemplate":"https:\/\/cpcs.ufms.br\/?s={search_term_string}"},"query-input":{"@type":"PropertyValueSpecification","valueRequired":true,"valueName":"search_term_string"}}],"inLanguage":"en-US"},{"@type":"Person","@id":"https:\/\/cpcs.ufms.br\/#\/schema\/person\/307d86f665939d17c7b9a8db9b62bc6b","name":"Vilela Bezerra","url":"https:\/\/cpcs.ufms.br\/en\/author\/luciano-bezerra\/"}]}},"_links":{"self":[{"href":"https:\/\/cpcs.ufms.br\/en\/wp-json\/wp\/v2\/posts\/8423","targetHints":{"allow":["GET"]}}],"collection":[{"href":"https:\/\/cpcs.ufms.br\/en\/wp-json\/wp\/v2\/posts"}],"about":[{"href":"https:\/\/cpcs.ufms.br\/en\/wp-json\/wp\/v2\/types\/post"}],"author":[{"embeddable":true,"href":"https:\/\/cpcs.ufms.br\/en\/wp-json\/wp\/v2\/users\/3221"}],"replies":[{"embeddable":true,"href":"https:\/\/cpcs.ufms.br\/en\/wp-json\/wp\/v2\/comments?post=8423"}],"version-history":[{"count":6,"href":"https:\/\/cpcs.ufms.br\/en\/wp-json\/wp\/v2\/posts\/8423\/revisions"}],"predecessor-version":[{"id":8827,"href":"https:\/\/cpcs.ufms.br\/en\/wp-json\/wp\/v2\/posts\/8423\/revisions\/8827"}],"wp:featuredmedia":[{"embeddable":true,"href":"https:\/\/cpcs.ufms.br\/en\/wp-json\/wp\/v2\/media\/8424"}],"wp:attachment":[{"href":"https:\/\/cpcs.ufms.br\/en\/wp-json\/wp\/v2\/media?parent=8423"}],"wp:term":[{"taxonomy":"category","embeddable":true,"href":"https:\/\/cpcs.ufms.br\/en\/wp-json\/wp\/v2\/categories?post=8423"},{"taxonomy":"post_tag","embeddable":true,"href":"https:\/\/cpcs.ufms.br\/en\/wp-json\/wp\/v2\/tags?post=8423"},{"taxonomy":"author","embeddable":true,"href":"https:\/\/cpcs.ufms.br\/en\/wp-json\/wp\/v2\/coauthors?post=8423"}],"curies":[{"name":"wp","href":"https:\/\/api.w.org\/{rel}","templated":true}]}}