{"id":7493,"date":"2021-11-23T10:33:44","date_gmt":"2021-11-23T14:33:44","guid":{"rendered":"https:\/\/cpcs.ufms.br\/?p=7493"},"modified":"2022-10-05T16:06:03","modified_gmt":"2022-10-05T20:06:03","slug":"informativo-no-10-novembro-2021","status":"publish","type":"post","link":"https:\/\/cpcs.ufms.br\/en\/informativo-no-10-novembro-2021\/","title":{"rendered":"Informativo no 10 (Novembro\/2021)"},"content":{"rendered":"<p style=\"text-align: center\"><span style=\"font-size: 24px\"><strong><em>Apresenta\u00e7\u00e3o<\/em><\/strong><\/span><\/p>\n<p>&nbsp;<\/p>\n<p style=\"text-align: justify\">Este projeto de extens\u00e3o da Universidade Federal de Mato Grosso do Sul tem como objetivo mensurar e divulgar mensalmente \u00e0 popula\u00e7\u00e3o do munic\u00edpio de Chapad\u00e3o do Sul\/MS o \u00cdndice da Cesta B\u00e1sica, permitindo o acompanhamento da evolu\u00e7\u00e3o do custo dos itens aliment\u00edcios b\u00e1sicos e da varia\u00e7\u00e3o do poder de compra de seus habitantes.<br \/>\nA metodologia adotada segue \u00e0 da Pesquisa Nacional da Cesta B\u00e1sica de Alimentos realizada pelo DIEESE (Departamento Intersindical de Estat\u00edstica e Estudos Socioecon\u00f4micos) nas capitais do pa\u00eds. Os itens b\u00e1sicos pesquisados foram definidos pelo Decreto Lei n\u00ba 399, de 30 de abril de 1938, que regulamentou o sal\u00e1rio m\u00ednimo no Brasil e est\u00e1 vigente at\u00e9 os dias atuais.<\/p>\n<p style=\"text-align: justify\">O Decreto determinou que a cesta de alimentos fosse composta por 13 produtos aliment\u00edcios em quantidades suficientes para garantir, durante um m\u00eas, o sustento e bem-estar de um trabalhador em idade adulta. Os itens e quantidades estipuladas foram diferenciados para a regi\u00e3o do estado de Mato Grosso do Sul, de acordo com os h\u00e1bitos alimentares locais.<\/p>\n<p>&nbsp;<\/p>\n<p style=\"text-align: center\"><strong>Custo da cesta b\u00e1sica do m\u00eas de novembro\/2021<\/strong><\/p>\n<p>O custo da cesta b\u00e1sica necess\u00e1ria para o sustento e bem-estar de um trabalhador em idade adulta no munic\u00edpio de Chapad\u00e3o do Sul no m\u00eas de julho foi de R$ 558,58 o que representa um aumento de 1,45 % em rela\u00e7\u00e3o ao custo da cesta no m\u00eas de junho (Tabela 1).<\/p>\n<p>Na Tabela 2, percebe-se que no m\u00eas de agosto houve uma redu\u00e7\u00e3o no pre\u00e7o m\u00e9dio de alguns itens da cesta b\u00e1sica, de forma bem expressiva no caso do arroz (-9,28%) e do tomate (-7,14%). A batata, que no m\u00eas anterior apresentou uma queda de aproximadamente 36%, retomou n\u00edveis de pre\u00e7o anteriores, devido \u00e0 alta de 41,44% no m\u00eas de agosto.<\/p>\n<p><a href=\"https:\/\/cpcs.ufms.br\/files\/2021\/11\/Capturar-3.png\"><img fetchpriority=\"high\" decoding=\"async\" class=\"size-full wp-image-7494 aligncenter\" src=\"https:\/\/cpcs.ufms.br\/files\/2021\/11\/Capturar-3.png\" alt=\"\" width=\"614\" height=\"741\" srcset=\"https:\/\/cpcs.ufms.br\/files\/2021\/11\/Capturar-3.png 614w, https:\/\/cpcs.ufms.br\/files\/2021\/11\/Capturar-3-249x300.png 249w, https:\/\/cpcs.ufms.br\/files\/2021\/11\/Capturar-3-265x320.png 265w, https:\/\/cpcs.ufms.br\/files\/2021\/11\/Capturar-3-600x724.png 600w\" sizes=\"(max-width: 614px) 100vw, 614px\" \/><\/a><\/p>\n<p style=\"text-align: center\">\n<p style=\"text-align: center\"><strong>Varia\u00e7\u00e3o mensal do custo da cesta b\u00e1sica<\/strong><\/p>\n<p style=\"text-align: justify\">Ao se analisar a varia\u00e7\u00e3o de pre\u00e7os da cesta b\u00e1sica no acumulado dos dez primeiros meses deste ano, percebe-se que o m\u00eas de novembro apresentou o maior custo, concentrando a eleva\u00e7\u00e3o nos pre\u00e7os ao longo do tempo. No m\u00eas de novembro, o custo da cesta b\u00e1sica \u00e9 22,22% maior em rela\u00e7\u00e3o ao m\u00eas de abril, o menor custo no per\u00edodo at\u00e9 ent\u00e3o analisado. Desde ent\u00e3o, o custo da cesta b\u00e1sica tem se elevado gradativamente, com exce\u00e7\u00e3o no m\u00eas de outubro (Gr\u00e1fico 1).<\/p>\n<p style=\"text-align: justify\"><a href=\"https:\/\/cpcs.ufms.br\/files\/2021\/11\/Capturar-4.png\"><img decoding=\"async\" class=\"size-full wp-image-7495 aligncenter\" src=\"https:\/\/cpcs.ufms.br\/files\/2021\/11\/Capturar-4.png\" alt=\"\" width=\"640\" height=\"369\" srcset=\"https:\/\/cpcs.ufms.br\/files\/2021\/11\/Capturar-4.png 640w, https:\/\/cpcs.ufms.br\/files\/2021\/11\/Capturar-4-300x173.png 300w, https:\/\/cpcs.ufms.br\/files\/2021\/11\/Capturar-4-555x320.png 555w, https:\/\/cpcs.ufms.br\/files\/2021\/11\/Capturar-4-600x346.png 600w\" sizes=\"(max-width: 640px) 100vw, 640px\" \/><\/a><\/p>\n<p style=\"text-align: center\"><strong>Sal\u00e1rio M\u00ednimo Necess\u00e1rio e horas trabalhadas para aquisi\u00e7\u00e3o da cesta b\u00e1sica<\/strong><\/p>\n<p>&nbsp;<\/p>\n<p style=\"text-align: justify\">Para garantir o acesso \u00e0 alimenta\u00e7\u00e3o b\u00e1sica necess\u00e1ria ao sustento de um trabalhador adulto, estimou-se que, no m\u00eas de julho, o sal\u00e1rio m\u00ednimo necess\u00e1rio deveria ser de R$ 1.487,15. No mesmo m\u00eas, o trabalhador que ganha um sal\u00e1rio m\u00ednimo precisou trabalhar aproximadamente 121 horas e 42 minutos para adquirir uma cesta b\u00e1sica. Quando aplicado o desconto de 7,5% para a Previd\u00eancia Social, verifica-se que o trabalhador remunerado pelo piso nacional comprometeu, no m\u00eas de novembro, 59,67% do sal\u00e1rio m\u00ednimo l\u00edquido para comprar os alimentos b\u00e1sicos.<\/p>\n<p>&nbsp;<\/p>\n<p style=\"text-align: center\"><em><strong>Equipe<\/strong><\/em><\/p>\n<p>&nbsp;<\/p>\n<p>Giovanna I. B. de Medeiros Florindo \u2013 Professora coordenadora<br \/>\nThiago Jos\u00e9 Florindo \u2013 Professor coordenador adjunto<br \/>\nAlexandre Beutling \u2013 Professor colaborador<br \/>\nLorena Stolle \u2013 Professora colaboradora<br \/>\nMaik Oliveira Silva \u2013 T\u00e9cnico colaborador<br \/>\nAline Santos Castro \u2013 Acad\u00eamica do curso de Administra\u00e7\u00e3o<br \/>\nCrislaine Tib\u00e9rio Barboza &#8211; Acad\u00eamica do curso de Administra\u00e7\u00e3o<br \/>\nEude Saturnino da Silva &#8211; Acad\u00eamico do curso de Administra\u00e7\u00e3o<br \/>\nIsabela Mendes da Silva &#8211; Acad\u00eamica do curso de Administra\u00e7\u00e3o<br \/>\nFl\u00e1via Penha Barbosa &#8211; Acad\u00eamica do curso de Administra\u00e7\u00e3o<br \/>\nLuan Fernando Stadlober &#8211; Acad\u00eamico do curso de Administra\u00e7\u00e3o<br \/>\nVinilha Grigorio da Silva &#8211; Acad\u00eamica do curso de Administra\u00e7\u00e3o<\/p>\n<p>&nbsp;<\/p>\n<p><em><strong>\u00a0 \u00a0 \u00a0 \u00a0 \u00a0 \u00a0 \u00a0 \u00a0 \u00a0 \u00a0 \u00a0 \u00a0 \u00a0 \u00a0 \u00a0 \u00a0 \u00a0 \u00a0 \u00a0 \u00a0 \u00a0 \u00a0 \u00a0 \u00a0 \u00a0 \u00a0 \u00a0 \u00a0 \u00a0 \u00a0 \u00a0 \u00a0 \u00a0 \u00a0 \u00a0 \u00a0 \u00a0 \u00a0 \u00a0 \u00a0 \u00a0 \u00a0 \u00a0 \u00a0 \u00a0 \u00a0 \u00a0 \u00a0 \u00a0 \u00a0 \u00a0contato<\/strong><\/em><\/p>\n<p>&nbsp;<\/p>\n<p><img decoding=\"async\" class=\"\" src=\"https:\/\/cpcs.ufms.br\/files\/2020\/03\/facebook.png\" width=\"34\" height=\"34\" \/>\u00a0 \u00a0 \u00a0 \u00a0 \u00a0 \u00a0 \u00a0 \u00a0 \u00a0 \u00a0 \u00a0 \u00a0 \u00a0 \u00a0 \u00a0 \u00a0 \u00a0 \u00a0 \u00a0 \u00a0 \u00a0 \u00a0 \u00a0 \u00a0 \u00a0 \u00a0 \u00a0 \u00a0 \u00a0 \u00a0 \u00a0 \u00a0 \u00a0 \u00a0 <img loading=\"lazy\" decoding=\"async\" class=\"\" src=\"https:\/\/cpcs.ufms.br\/files\/2020\/03\/instagram.png\" width=\"34\" height=\"34\" \/>\u00a0 \u00a0 \u00a0 \u00a0 \u00a0 \u00a0 \u00a0 \u00a0 \u00a0 \u00a0 \u00a0 \u00a0 \u00a0 \u00a0 \u00a0 \u00a0 \u00a0 \u00a0 \u00a0 \u00a0 \u00a0 \u00a0 \u00a0 \u00a0 \u00a0 \u00a0 \u00a0 \u00a0 \u00a0 \u00a0 \u00a0 <img loading=\"lazy\" decoding=\"async\" class=\"\" src=\"https:\/\/cpcs.ufms.br\/files\/2020\/03\/gmail.png\" width=\"34\" height=\"34\" \/><\/p>\n<p>indicedacestabasicaufms\u00a0 \u00a0 \u00a0 \u00a0 \u00a0 \u00a0 \u00a0 \u00a0 \u00a0 \u00a0 \u00a0 \u00a0 \u00a0indicedacestabasica_ufms\u00a0 \u00a0 \u00a0 \u00a0 \u00a0 \u00a0 \u00a0 \u00a0 \u00a0indicedacestabasica@gmail.com<\/p>\n<p>&nbsp;<\/p>\n<p>&nbsp;<\/p>\n<p>&nbsp;<\/p>\n<p>&nbsp;<\/p>\n<p>&nbsp;<\/p>\n<p>&nbsp;<\/p>\n<p>&nbsp;<\/p>\n<p>&nbsp;<\/p>\n","protected":false},"excerpt":{"rendered":"<p>Apresenta\u00e7\u00e3o &nbsp; Este projeto de extens\u00e3o da Universidade Federal de Mato Grosso do Sul tem como objetivo mensurar e divulgar mensalmente \u00e0 popula\u00e7\u00e3o do munic\u00edpio de Chapad\u00e3o do Sul\/MS o \u00cdndice da Cesta B\u00e1sica, permitindo o acompanhamento da evolu\u00e7\u00e3o do custo dos itens aliment\u00edcios b\u00e1sicos e da varia\u00e7\u00e3o do poder de compra de seus habitantes. [&hellip;]<\/p>\n","protected":false},"author":35413,"featured_media":6821,"comment_status":"closed","ping_status":"closed","sticky":false,"template":"","format":"standard","meta":{"ngg_post_thumbnail":0,"footnotes":""},"categories":[1],"tags":[],"coauthors":[39],"class_list":["post-7493","post","type-post","status-publish","format-standard","has-post-thumbnail","hentry","category-noticias"],"yoast_head":"<!-- This site is optimized with the Yoast SEO plugin v26.2 - https:\/\/yoast.com\/wordpress\/plugins\/seo\/ -->\n<title>Informativo no 10 (Novembro\/2021) - Campus de Chapad\u00e3o do Sul<\/title>\n<meta name=\"robots\" content=\"index, follow, max-snippet:-1, max-image-preview:large, max-video-preview:-1\" \/>\n<link rel=\"canonical\" href=\"https:\/\/cpcs.ufms.br\/informativo-no-10-novembro-2021\/\" \/>\n<meta property=\"og:locale\" content=\"en_US\" \/>\n<meta property=\"og:type\" content=\"article\" \/>\n<meta property=\"og:title\" content=\"Informativo no 10 (Novembro\/2021) - Campus de Chapad\u00e3o do Sul\" \/>\n<meta property=\"og:description\" content=\"Apresenta\u00e7\u00e3o &nbsp; Este projeto de extens\u00e3o da Universidade Federal de Mato Grosso do Sul tem como objetivo mensurar e divulgar mensalmente \u00e0 popula\u00e7\u00e3o do munic\u00edpio de Chapad\u00e3o do Sul\/MS o \u00cdndice da Cesta B\u00e1sica, permitindo o acompanhamento da evolu\u00e7\u00e3o do custo dos itens aliment\u00edcios b\u00e1sicos e da varia\u00e7\u00e3o do poder de compra de seus habitantes. [&hellip;]\" \/>\n<meta property=\"og:url\" content=\"https:\/\/cpcs.ufms.br\/informativo-no-10-novembro-2021\/\" \/>\n<meta property=\"og:site_name\" content=\"Campus de Chapad\u00e3o do Sul\" \/>\n<meta property=\"article:published_time\" content=\"2021-11-23T14:33:44+00:00\" \/>\n<meta property=\"article:modified_time\" content=\"2022-10-05T20:06:03+00:00\" \/>\n<meta property=\"og:image\" content=\"https:\/\/cpcs.ufms.br\/files\/2021\/03\/logo.png\" \/>\n\t<meta property=\"og:image:width\" content=\"542\" \/>\n\t<meta property=\"og:image:height\" content=\"361\" \/>\n\t<meta property=\"og:image:type\" content=\"image\/png\" \/>\n<meta name=\"author\" content=\"Maik Oliveira Silva\" \/>\n<meta name=\"twitter:label1\" content=\"Written by\" \/>\n\t<meta name=\"twitter:data1\" content=\"Maik Oliveira Silva\" \/>\n\t<meta name=\"twitter:label2\" content=\"Est. reading time\" \/>\n\t<meta name=\"twitter:data2\" content=\"5 minutes\" \/>\n<script type=\"application\/ld+json\" class=\"yoast-schema-graph\">{\"@context\":\"https:\/\/schema.org\",\"@graph\":[{\"@type\":\"WebPage\",\"@id\":\"https:\/\/cpcs.ufms.br\/informativo-no-10-novembro-2021\/\",\"url\":\"https:\/\/cpcs.ufms.br\/informativo-no-10-novembro-2021\/\",\"name\":\"Informativo no 10 (Novembro\/2021) - Campus de Chapad\u00e3o do Sul\",\"isPartOf\":{\"@id\":\"https:\/\/cpcs.ufms.br\/#website\"},\"primaryImageOfPage\":{\"@id\":\"https:\/\/cpcs.ufms.br\/informativo-no-10-novembro-2021\/#primaryimage\"},\"image\":{\"@id\":\"https:\/\/cpcs.ufms.br\/informativo-no-10-novembro-2021\/#primaryimage\"},\"thumbnailUrl\":\"https:\/\/cpcs.ufms.br\/files\/2021\/03\/logo.png\",\"datePublished\":\"2021-11-23T14:33:44+00:00\",\"dateModified\":\"2022-10-05T20:06:03+00:00\",\"author\":{\"@id\":\"https:\/\/cpcs.ufms.br\/#\/schema\/person\/f17cd2be807f9c21a7a46f735d6acd69\"},\"breadcrumb\":{\"@id\":\"https:\/\/cpcs.ufms.br\/informativo-no-10-novembro-2021\/#breadcrumb\"},\"inLanguage\":\"en-US\",\"potentialAction\":[{\"@type\":\"ReadAction\",\"target\":[\"https:\/\/cpcs.ufms.br\/informativo-no-10-novembro-2021\/\"]}]},{\"@type\":\"ImageObject\",\"inLanguage\":\"en-US\",\"@id\":\"https:\/\/cpcs.ufms.br\/informativo-no-10-novembro-2021\/#primaryimage\",\"url\":\"https:\/\/cpcs.ufms.br\/files\/2021\/03\/logo.png\",\"contentUrl\":\"https:\/\/cpcs.ufms.br\/files\/2021\/03\/logo.png\",\"width\":542,\"height\":361},{\"@type\":\"BreadcrumbList\",\"@id\":\"https:\/\/cpcs.ufms.br\/informativo-no-10-novembro-2021\/#breadcrumb\",\"itemListElement\":[{\"@type\":\"ListItem\",\"position\":1,\"name\":\"In\u00edcio\",\"item\":\"https:\/\/cpcs.ufms.br\/\"},{\"@type\":\"ListItem\",\"position\":2,\"name\":\"Informativo no 10 (Novembro\/2021)\"}]},{\"@type\":\"WebSite\",\"@id\":\"https:\/\/cpcs.ufms.br\/#website\",\"url\":\"https:\/\/cpcs.ufms.br\/\",\"name\":\"Campus de Chapad\u00e3o do Sul\",\"description\":\"Universidade Federal de Mato Grosso do Sul\",\"potentialAction\":[{\"@type\":\"SearchAction\",\"target\":{\"@type\":\"EntryPoint\",\"urlTemplate\":\"https:\/\/cpcs.ufms.br\/?s={search_term_string}\"},\"query-input\":{\"@type\":\"PropertyValueSpecification\",\"valueRequired\":true,\"valueName\":\"search_term_string\"}}],\"inLanguage\":\"en-US\"},{\"@type\":\"Person\",\"@id\":\"https:\/\/cpcs.ufms.br\/#\/schema\/person\/f17cd2be807f9c21a7a46f735d6acd69\",\"name\":\"Maik Oliveira Silva\",\"url\":\"https:\/\/cpcs.ufms.br\/en\/author\/maik-o\/\"}]}<\/script>\n<!-- \/ Yoast SEO plugin. -->","yoast_head_json":{"title":"Informativo no 10 (Novembro\/2021) - Campus de Chapad\u00e3o do Sul","robots":{"index":"index","follow":"follow","max-snippet":"max-snippet:-1","max-image-preview":"max-image-preview:large","max-video-preview":"max-video-preview:-1"},"canonical":"https:\/\/cpcs.ufms.br\/informativo-no-10-novembro-2021\/","og_locale":"en_US","og_type":"article","og_title":"Informativo no 10 (Novembro\/2021) - Campus de Chapad\u00e3o do Sul","og_description":"Apresenta\u00e7\u00e3o &nbsp; Este projeto de extens\u00e3o da Universidade Federal de Mato Grosso do Sul tem como objetivo mensurar e divulgar mensalmente \u00e0 popula\u00e7\u00e3o do munic\u00edpio de Chapad\u00e3o do Sul\/MS o \u00cdndice da Cesta B\u00e1sica, permitindo o acompanhamento da evolu\u00e7\u00e3o do custo dos itens aliment\u00edcios b\u00e1sicos e da varia\u00e7\u00e3o do poder de compra de seus habitantes. [&hellip;]","og_url":"https:\/\/cpcs.ufms.br\/informativo-no-10-novembro-2021\/","og_site_name":"Campus de Chapad\u00e3o do Sul","article_published_time":"2021-11-23T14:33:44+00:00","article_modified_time":"2022-10-05T20:06:03+00:00","og_image":[{"width":542,"height":361,"url":"https:\/\/cpcs.ufms.br\/files\/2021\/03\/logo.png","type":"image\/png"}],"author":"Maik Oliveira Silva","twitter_misc":{"Written by":"Maik Oliveira Silva","Est. reading time":"5 minutes"},"schema":{"@context":"https:\/\/schema.org","@graph":[{"@type":"WebPage","@id":"https:\/\/cpcs.ufms.br\/informativo-no-10-novembro-2021\/","url":"https:\/\/cpcs.ufms.br\/informativo-no-10-novembro-2021\/","name":"Informativo no 10 (Novembro\/2021) - Campus de Chapad\u00e3o do Sul","isPartOf":{"@id":"https:\/\/cpcs.ufms.br\/#website"},"primaryImageOfPage":{"@id":"https:\/\/cpcs.ufms.br\/informativo-no-10-novembro-2021\/#primaryimage"},"image":{"@id":"https:\/\/cpcs.ufms.br\/informativo-no-10-novembro-2021\/#primaryimage"},"thumbnailUrl":"https:\/\/cpcs.ufms.br\/files\/2021\/03\/logo.png","datePublished":"2021-11-23T14:33:44+00:00","dateModified":"2022-10-05T20:06:03+00:00","author":{"@id":"https:\/\/cpcs.ufms.br\/#\/schema\/person\/f17cd2be807f9c21a7a46f735d6acd69"},"breadcrumb":{"@id":"https:\/\/cpcs.ufms.br\/informativo-no-10-novembro-2021\/#breadcrumb"},"inLanguage":"en-US","potentialAction":[{"@type":"ReadAction","target":["https:\/\/cpcs.ufms.br\/informativo-no-10-novembro-2021\/"]}]},{"@type":"ImageObject","inLanguage":"en-US","@id":"https:\/\/cpcs.ufms.br\/informativo-no-10-novembro-2021\/#primaryimage","url":"https:\/\/cpcs.ufms.br\/files\/2021\/03\/logo.png","contentUrl":"https:\/\/cpcs.ufms.br\/files\/2021\/03\/logo.png","width":542,"height":361},{"@type":"BreadcrumbList","@id":"https:\/\/cpcs.ufms.br\/informativo-no-10-novembro-2021\/#breadcrumb","itemListElement":[{"@type":"ListItem","position":1,"name":"In\u00edcio","item":"https:\/\/cpcs.ufms.br\/"},{"@type":"ListItem","position":2,"name":"Informativo no 10 (Novembro\/2021)"}]},{"@type":"WebSite","@id":"https:\/\/cpcs.ufms.br\/#website","url":"https:\/\/cpcs.ufms.br\/","name":"Campus de Chapad\u00e3o do Sul","description":"Universidade Federal de Mato Grosso do Sul","potentialAction":[{"@type":"SearchAction","target":{"@type":"EntryPoint","urlTemplate":"https:\/\/cpcs.ufms.br\/?s={search_term_string}"},"query-input":{"@type":"PropertyValueSpecification","valueRequired":true,"valueName":"search_term_string"}}],"inLanguage":"en-US"},{"@type":"Person","@id":"https:\/\/cpcs.ufms.br\/#\/schema\/person\/f17cd2be807f9c21a7a46f735d6acd69","name":"Maik Oliveira Silva","url":"https:\/\/cpcs.ufms.br\/en\/author\/maik-o\/"}]}},"_links":{"self":[{"href":"https:\/\/cpcs.ufms.br\/en\/wp-json\/wp\/v2\/posts\/7493","targetHints":{"allow":["GET"]}}],"collection":[{"href":"https:\/\/cpcs.ufms.br\/en\/wp-json\/wp\/v2\/posts"}],"about":[{"href":"https:\/\/cpcs.ufms.br\/en\/wp-json\/wp\/v2\/types\/post"}],"author":[{"embeddable":true,"href":"https:\/\/cpcs.ufms.br\/en\/wp-json\/wp\/v2\/users\/35413"}],"replies":[{"embeddable":true,"href":"https:\/\/cpcs.ufms.br\/en\/wp-json\/wp\/v2\/comments?post=7493"}],"version-history":[{"count":2,"href":"https:\/\/cpcs.ufms.br\/en\/wp-json\/wp\/v2\/posts\/7493\/revisions"}],"predecessor-version":[{"id":8491,"href":"https:\/\/cpcs.ufms.br\/en\/wp-json\/wp\/v2\/posts\/7493\/revisions\/8491"}],"wp:featuredmedia":[{"embeddable":true,"href":"https:\/\/cpcs.ufms.br\/en\/wp-json\/wp\/v2\/media\/6821"}],"wp:attachment":[{"href":"https:\/\/cpcs.ufms.br\/en\/wp-json\/wp\/v2\/media?parent=7493"}],"wp:term":[{"taxonomy":"category","embeddable":true,"href":"https:\/\/cpcs.ufms.br\/en\/wp-json\/wp\/v2\/categories?post=7493"},{"taxonomy":"post_tag","embeddable":true,"href":"https:\/\/cpcs.ufms.br\/en\/wp-json\/wp\/v2\/tags?post=7493"},{"taxonomy":"author","embeddable":true,"href":"https:\/\/cpcs.ufms.br\/en\/wp-json\/wp\/v2\/coauthors?post=7493"}],"curies":[{"name":"wp","href":"https:\/\/api.w.org\/{rel}","templated":true}]}}