{"id":6550,"date":"2020-12-10T15:39:58","date_gmt":"2020-12-10T19:39:58","guid":{"rendered":"https:\/\/cpcs.ufms.br\/?p=6550"},"modified":"2020-12-10T15:39:58","modified_gmt":"2020-12-10T19:39:58","slug":"novos-docentes-tomaram-posse-na-universidade","status":"publish","type":"post","link":"https:\/\/cpcs.ufms.br\/en\/novos-docentes-tomaram-posse-na-universidade\/","title":{"rendered":"Novos docentes tomaram posse na Universidade"},"content":{"rendered":"<p>Na manh\u00e3 de hoje, 10, foi realizada a solenidade de posse de 24 novos docentes na UFMS. A cerim\u00f4nia foi virtual e transmitida ao vivo pelo <a href=\"https:\/\/www.youtube.com\/watch?v=KT3NBxG73-0&amp;t\" target=\"_blank\" rel=\"noopener noreferrer\">canal da TV UFMS<\/a>. Os professores empossados ser\u00e3o lotados em unidades da Cidade Universit\u00e1ria em Campo Grande, e nos c\u00e2mpus de Aquidauana, Chapad\u00e3o do Sul, Coxim, Nova Andradina, Parana\u00edba e Tr\u00eas Lagoas.<\/p>\n<p><a href=\"https:\/\/www.ufms.br\/wp-content\/uploads\/2020\/12\/reitor-Marcelo-Turine.jpg\" rel=\"lightbox[59368]\"><img fetchpriority=\"high\" decoding=\"async\" class=\"size-medium wp-image-59370 alignright\" src=\"https:\/\/www.ufms.br\/wp-content\/uploads\/2020\/12\/reitor-Marcelo-Turine-300x196.jpg\" alt=\"\" width=\"300\" height=\"196\" \/><\/a>Na solenidade, o reitor Marcelo Turine expressou o orgulho em ser professor da Universidade e a alegria em dar posse a novos colegas. \u201c\u00c9 uma felicidade imensa estar aqui hoje. Voc\u00eas assumem hoje um novo desafio profissional, uma jornada para ajudar a transformar as vidas dos nossos jovens com a educa\u00e7\u00e3o, para produzir ci\u00eancia, conhecimento para o desenvolvimento do pa\u00eds e do mundo. Estamos em uma nova gest\u00e3o e gostaria de ressaltar tr\u00eas palavras que j\u00e1 conduziram nossas a\u00e7\u00f5es e seguem sendo refor\u00e7adas, que s\u00e3o: governan\u00e7a, sem ela n\u00e3o existe execu\u00e7\u00e3o, efici\u00eancia, efic\u00e1cia e efetividade; inova\u00e7\u00e3o, solicito que sejam criativos e inovadores em suas \u00e1reas e nos ajudem no processo de governan\u00e7a, gest\u00e3o e planejamento estrat\u00e9gico da Universidade; e sustentabilidade, o mundo exige novos modelos e fontes de recursos, a qualidade de vida da nossa sociedade depende dos novos arranjos institucionais que estamos tendo nas universidades. Tenho certeza que com essas tr\u00eas miss\u00f5es vamos seguir transformando a educa\u00e7\u00e3o na Universidade, no MS e no Brasil\u201d.<\/p>\n<p>O reitor falou tamb\u00e9m sobre os desafios vivenciados neste ano, informou que o plano de biosseguran\u00e7a da UFMS foi utilizado como modelo para outras institui\u00e7\u00f5es do pa\u00eds, agradeceu aos diretores e lideran\u00e7as pela dedica\u00e7\u00e3o para que a Universidade n\u00e3o tivesse as atividades paralisadas e pediu aos novos docentes que tamb\u00e9m auxiliem a gest\u00e3o para que o direito fundamental \u00e0 educa\u00e7\u00e3o seja garantido.<\/p>\n<p><a href=\"https:\/\/www.ufms.br\/wp-content\/uploads\/2020\/12\/pr%C3%B3-reitora-L%C3%ADvia.jpg\" rel=\"lightbox[59368]\"><img decoding=\"async\" class=\"size-medium wp-image-59371 alignright\" src=\"https:\/\/www.ufms.br\/wp-content\/uploads\/2020\/12\/pr%C3%B3-reitora-L%C3%ADvia-300x198.jpg\" alt=\"\" width=\"300\" height=\"198\" \/><\/a>A pr\u00f3-reitora de Gest\u00e3o de Pessoas, L\u00edvia Gaigher Bosio Campello lembrou que para este concurso foram 579 candidatos inscritos, 441 inscri\u00e7\u00f5es deferidas, e, ap\u00f3s todas as etapas do processo seletivo, 24 novos docentes tomam posse na Universidade. \u201cFico muito feliz e honrada em parabenizar voc\u00eas pela conquista, pela aprova\u00e7\u00e3o nesse concurso que a UFMS conduziu com seriedade e efici\u00eancia. O concurso foi poss\u00edvel gra\u00e7as ao esfor\u00e7o da reitoria junto ao Minist\u00e9rio da Educa\u00e7\u00e3o. Sejam muito bem vindos! A UFMS \u00e9 nossa casa comum, \u00e9 um lugar muito especial, estamos permanentemente construindo essa Universidade e ao mesmo tempo \u00e9 um lugar que nos permite crescer coletivamente. Precisamos cuidar muito bem dela porque, de fato, \u00e9 a heran\u00e7a que vamos deixar para as gera\u00e7\u00f5es futuras\u201d, disse.<\/p>\n<p>A pr\u00f3-reitora destacou ainda que, assim como todos os profissionais que j\u00e1 integram a UFMS, os novos docentes ter\u00e3o muitas oportunidades de aprendizado proporcionadas pela Universidade como cursos, capacita\u00e7\u00f5es, participa\u00e7\u00e3o em eventos, entre outras atividades que integram toda a comunidade acad\u00eamica. \u201cAproveitem para crescerem, voc\u00eas conquistaram essas oportunidades quando foram aprovados nesse concurso. Desejo muito sucesso em sua caminhada\u201d.<\/p>\n<p><a href=\"https:\/\/www.ufms.br\/wp-content\/uploads\/2020\/12\/pr%C3%B3-reitora-Dulce.jpg\" rel=\"lightbox[59368]\"><img decoding=\"async\" class=\"size-medium wp-image-59372 alignright\" src=\"https:\/\/www.ufms.br\/wp-content\/uploads\/2020\/12\/pr%C3%B3-reitora-Dulce-300x197.jpg\" alt=\"\" width=\"300\" height=\"197\" \/><\/a>A pr\u00f3-reitora de Planejamento, Or\u00e7amento e Finan\u00e7as, Dulce Maria Trist\u00e3o refor\u00e7ou o orgulho em ser UFMS. \u201cA Universidade tem demonstrado nos \u00faltimos anos um salto de qualidade, tem inovado em gest\u00e3o e governan\u00e7a e isso tudo vemos por meio de v\u00e1rios rankings nos quais a UFMS tem se destacado nacional e internacionalmente. \u00c9 uma grande honra trabalhar aqui e os convido a integrar essa equipe de profissionais orgulhosos do lugar onde trabalham. Todos voc\u00eas sabem das dificuldades vivenciadas excepcionalmente neste ano de 2020 e dos desafios nos setores da sa\u00fade e educa\u00e7\u00e3o. A UFMS foi uma das universidades que conseguiu garantir condi\u00e7\u00f5es de trabalho aos t\u00e9cnicos administrativos e docentes e conseguimos chegar ao final deste ano concluindo as atividades. Tenham orgulho de pertencer \u00e0 Universidade, uma universidade que est\u00e1 fazendo a diferen\u00e7a no cen\u00e1rio regional e nacional\u201d, finalizou.<\/p>\n<p>&nbsp;<\/p>\n<p><em>Texto: Ariane Comineti<\/em><\/p>\n","protected":false},"excerpt":{"rendered":"<p>Na manh\u00e3 de hoje, 10, foi realizada a solenidade de posse de 24 novos docentes na UFMS. A cerim\u00f4nia foi virtual e transmitida ao vivo pelo canal da TV UFMS. Os professores empossados ser\u00e3o lotados em unidades da Cidade Universit\u00e1ria em Campo Grande, e nos c\u00e2mpus de Aquidauana, Chapad\u00e3o do Sul, Coxim, Nova Andradina, Parana\u00edba [&hellip;]<\/p>\n","protected":false},"author":10354,"featured_media":6551,"comment_status":"closed","ping_status":"closed","sticky":false,"template":"","format":"standard","meta":{"ngg_post_thumbnail":0,"footnotes":""},"categories":[3,1],"tags":[],"coauthors":[40],"class_list":["post-6550","post","type-post","status-publish","format-standard","has-post-thumbnail","hentry","category-fotos-imagens","category-noticias"],"yoast_head":"<!-- This site is optimized with the Yoast SEO plugin v26.2 - https:\/\/yoast.com\/wordpress\/plugins\/seo\/ -->\n<title>Novos docentes tomaram posse na Universidade - Campus de Chapad\u00e3o do Sul<\/title>\n<meta name=\"robots\" content=\"index, follow, max-snippet:-1, max-image-preview:large, max-video-preview:-1\" \/>\n<link rel=\"canonical\" href=\"https:\/\/cpcs.ufms.br\/novos-docentes-tomaram-posse-na-universidade\/\" \/>\n<meta property=\"og:locale\" content=\"en_US\" \/>\n<meta property=\"og:type\" content=\"article\" \/>\n<meta property=\"og:title\" content=\"Novos docentes tomaram posse na Universidade - Campus de Chapad\u00e3o do Sul\" \/>\n<meta property=\"og:description\" content=\"Na manh\u00e3 de hoje, 10, foi realizada a solenidade de posse de 24 novos docentes na UFMS. A cerim\u00f4nia foi virtual e transmitida ao vivo pelo canal da TV UFMS. Os professores empossados ser\u00e3o lotados em unidades da Cidade Universit\u00e1ria em Campo Grande, e nos c\u00e2mpus de Aquidauana, Chapad\u00e3o do Sul, Coxim, Nova Andradina, Parana\u00edba [&hellip;]\" \/>\n<meta property=\"og:url\" content=\"https:\/\/cpcs.ufms.br\/novos-docentes-tomaram-posse-na-universidade\/\" \/>\n<meta property=\"og:site_name\" content=\"Campus de Chapad\u00e3o do Sul\" \/>\n<meta property=\"article:published_time\" content=\"2020-12-10T19:39:58+00:00\" \/>\n<meta property=\"og:image\" content=\"https:\/\/cpcs.ufms.br\/files\/2020\/12\/2F34B0C0-BEF6-408B-A4A2-1D0E345BDF0E.jpeg\" \/>\n\t<meta property=\"og:image:width\" content=\"768\" \/>\n\t<meta property=\"og:image:height\" content=\"346\" \/>\n\t<meta property=\"og:image:type\" content=\"image\/jpeg\" \/>\n<meta name=\"author\" content=\"VITORIA FATIMA BERNARDO\" \/>\n<meta name=\"twitter:label1\" content=\"Written by\" \/>\n\t<meta name=\"twitter:data1\" content=\"VITORIA FATIMA BERNARDO\" \/>\n\t<meta name=\"twitter:label2\" content=\"Est. reading time\" \/>\n\t<meta name=\"twitter:data2\" content=\"3 minutes\" \/>\n<script type=\"application\/ld+json\" class=\"yoast-schema-graph\">{\"@context\":\"https:\/\/schema.org\",\"@graph\":[{\"@type\":\"WebPage\",\"@id\":\"https:\/\/cpcs.ufms.br\/novos-docentes-tomaram-posse-na-universidade\/\",\"url\":\"https:\/\/cpcs.ufms.br\/novos-docentes-tomaram-posse-na-universidade\/\",\"name\":\"Novos docentes tomaram posse na Universidade - Campus de Chapad\u00e3o do Sul\",\"isPartOf\":{\"@id\":\"https:\/\/cpcs.ufms.br\/#website\"},\"primaryImageOfPage\":{\"@id\":\"https:\/\/cpcs.ufms.br\/novos-docentes-tomaram-posse-na-universidade\/#primaryimage\"},\"image\":{\"@id\":\"https:\/\/cpcs.ufms.br\/novos-docentes-tomaram-posse-na-universidade\/#primaryimage\"},\"thumbnailUrl\":\"https:\/\/cpcs.ufms.br\/files\/2020\/12\/2F34B0C0-BEF6-408B-A4A2-1D0E345BDF0E.jpeg\",\"datePublished\":\"2020-12-10T19:39:58+00:00\",\"author\":{\"@id\":\"https:\/\/cpcs.ufms.br\/#\/schema\/person\/0a505ac2bc6482e4272c3cb0a5d0abc7\"},\"breadcrumb\":{\"@id\":\"https:\/\/cpcs.ufms.br\/novos-docentes-tomaram-posse-na-universidade\/#breadcrumb\"},\"inLanguage\":\"en-US\",\"potentialAction\":[{\"@type\":\"ReadAction\",\"target\":[\"https:\/\/cpcs.ufms.br\/novos-docentes-tomaram-posse-na-universidade\/\"]}]},{\"@type\":\"ImageObject\",\"inLanguage\":\"en-US\",\"@id\":\"https:\/\/cpcs.ufms.br\/novos-docentes-tomaram-posse-na-universidade\/#primaryimage\",\"url\":\"https:\/\/cpcs.ufms.br\/files\/2020\/12\/2F34B0C0-BEF6-408B-A4A2-1D0E345BDF0E.jpeg\",\"contentUrl\":\"https:\/\/cpcs.ufms.br\/files\/2020\/12\/2F34B0C0-BEF6-408B-A4A2-1D0E345BDF0E.jpeg\",\"width\":768,\"height\":346},{\"@type\":\"BreadcrumbList\",\"@id\":\"https:\/\/cpcs.ufms.br\/novos-docentes-tomaram-posse-na-universidade\/#breadcrumb\",\"itemListElement\":[{\"@type\":\"ListItem\",\"position\":1,\"name\":\"In\u00edcio\",\"item\":\"https:\/\/cpcs.ufms.br\/\"},{\"@type\":\"ListItem\",\"position\":2,\"name\":\"Novos docentes tomaram posse na Universidade\"}]},{\"@type\":\"WebSite\",\"@id\":\"https:\/\/cpcs.ufms.br\/#website\",\"url\":\"https:\/\/cpcs.ufms.br\/\",\"name\":\"Campus de Chapad\u00e3o do Sul\",\"description\":\"Universidade Federal de Mato Grosso do Sul\",\"potentialAction\":[{\"@type\":\"SearchAction\",\"target\":{\"@type\":\"EntryPoint\",\"urlTemplate\":\"https:\/\/cpcs.ufms.br\/?s={search_term_string}\"},\"query-input\":{\"@type\":\"PropertyValueSpecification\",\"valueRequired\":true,\"valueName\":\"search_term_string\"}}],\"inLanguage\":\"en-US\"},{\"@type\":\"Person\",\"@id\":\"https:\/\/cpcs.ufms.br\/#\/schema\/person\/0a505ac2bc6482e4272c3cb0a5d0abc7\",\"name\":\"VITORIA FATIMA BERNARDO\",\"url\":\"https:\/\/cpcs.ufms.br\/en\/author\/vitoria-b\/\"}]}<\/script>\n<!-- \/ Yoast SEO plugin. -->","yoast_head_json":{"title":"Novos docentes tomaram posse na Universidade - Campus de Chapad\u00e3o do Sul","robots":{"index":"index","follow":"follow","max-snippet":"max-snippet:-1","max-image-preview":"max-image-preview:large","max-video-preview":"max-video-preview:-1"},"canonical":"https:\/\/cpcs.ufms.br\/novos-docentes-tomaram-posse-na-universidade\/","og_locale":"en_US","og_type":"article","og_title":"Novos docentes tomaram posse na Universidade - Campus de Chapad\u00e3o do Sul","og_description":"Na manh\u00e3 de hoje, 10, foi realizada a solenidade de posse de 24 novos docentes na UFMS. A cerim\u00f4nia foi virtual e transmitida ao vivo pelo canal da TV UFMS. Os professores empossados ser\u00e3o lotados em unidades da Cidade Universit\u00e1ria em Campo Grande, e nos c\u00e2mpus de Aquidauana, Chapad\u00e3o do Sul, Coxim, Nova Andradina, Parana\u00edba [&hellip;]","og_url":"https:\/\/cpcs.ufms.br\/novos-docentes-tomaram-posse-na-universidade\/","og_site_name":"Campus de Chapad\u00e3o do Sul","article_published_time":"2020-12-10T19:39:58+00:00","og_image":[{"width":768,"height":346,"url":"https:\/\/cpcs.ufms.br\/files\/2020\/12\/2F34B0C0-BEF6-408B-A4A2-1D0E345BDF0E.jpeg","type":"image\/jpeg"}],"author":"VITORIA FATIMA BERNARDO","twitter_misc":{"Written by":"VITORIA FATIMA BERNARDO","Est. reading time":"3 minutes"},"schema":{"@context":"https:\/\/schema.org","@graph":[{"@type":"WebPage","@id":"https:\/\/cpcs.ufms.br\/novos-docentes-tomaram-posse-na-universidade\/","url":"https:\/\/cpcs.ufms.br\/novos-docentes-tomaram-posse-na-universidade\/","name":"Novos docentes tomaram posse na Universidade - Campus de Chapad\u00e3o do Sul","isPartOf":{"@id":"https:\/\/cpcs.ufms.br\/#website"},"primaryImageOfPage":{"@id":"https:\/\/cpcs.ufms.br\/novos-docentes-tomaram-posse-na-universidade\/#primaryimage"},"image":{"@id":"https:\/\/cpcs.ufms.br\/novos-docentes-tomaram-posse-na-universidade\/#primaryimage"},"thumbnailUrl":"https:\/\/cpcs.ufms.br\/files\/2020\/12\/2F34B0C0-BEF6-408B-A4A2-1D0E345BDF0E.jpeg","datePublished":"2020-12-10T19:39:58+00:00","author":{"@id":"https:\/\/cpcs.ufms.br\/#\/schema\/person\/0a505ac2bc6482e4272c3cb0a5d0abc7"},"breadcrumb":{"@id":"https:\/\/cpcs.ufms.br\/novos-docentes-tomaram-posse-na-universidade\/#breadcrumb"},"inLanguage":"en-US","potentialAction":[{"@type":"ReadAction","target":["https:\/\/cpcs.ufms.br\/novos-docentes-tomaram-posse-na-universidade\/"]}]},{"@type":"ImageObject","inLanguage":"en-US","@id":"https:\/\/cpcs.ufms.br\/novos-docentes-tomaram-posse-na-universidade\/#primaryimage","url":"https:\/\/cpcs.ufms.br\/files\/2020\/12\/2F34B0C0-BEF6-408B-A4A2-1D0E345BDF0E.jpeg","contentUrl":"https:\/\/cpcs.ufms.br\/files\/2020\/12\/2F34B0C0-BEF6-408B-A4A2-1D0E345BDF0E.jpeg","width":768,"height":346},{"@type":"BreadcrumbList","@id":"https:\/\/cpcs.ufms.br\/novos-docentes-tomaram-posse-na-universidade\/#breadcrumb","itemListElement":[{"@type":"ListItem","position":1,"name":"In\u00edcio","item":"https:\/\/cpcs.ufms.br\/"},{"@type":"ListItem","position":2,"name":"Novos docentes tomaram posse na Universidade"}]},{"@type":"WebSite","@id":"https:\/\/cpcs.ufms.br\/#website","url":"https:\/\/cpcs.ufms.br\/","name":"Campus de Chapad\u00e3o do Sul","description":"Universidade Federal de Mato Grosso do Sul","potentialAction":[{"@type":"SearchAction","target":{"@type":"EntryPoint","urlTemplate":"https:\/\/cpcs.ufms.br\/?s={search_term_string}"},"query-input":{"@type":"PropertyValueSpecification","valueRequired":true,"valueName":"search_term_string"}}],"inLanguage":"en-US"},{"@type":"Person","@id":"https:\/\/cpcs.ufms.br\/#\/schema\/person\/0a505ac2bc6482e4272c3cb0a5d0abc7","name":"VITORIA FATIMA BERNARDO","url":"https:\/\/cpcs.ufms.br\/en\/author\/vitoria-b\/"}]}},"_links":{"self":[{"href":"https:\/\/cpcs.ufms.br\/en\/wp-json\/wp\/v2\/posts\/6550","targetHints":{"allow":["GET"]}}],"collection":[{"href":"https:\/\/cpcs.ufms.br\/en\/wp-json\/wp\/v2\/posts"}],"about":[{"href":"https:\/\/cpcs.ufms.br\/en\/wp-json\/wp\/v2\/types\/post"}],"author":[{"embeddable":true,"href":"https:\/\/cpcs.ufms.br\/en\/wp-json\/wp\/v2\/users\/10354"}],"replies":[{"embeddable":true,"href":"https:\/\/cpcs.ufms.br\/en\/wp-json\/wp\/v2\/comments?post=6550"}],"version-history":[{"count":1,"href":"https:\/\/cpcs.ufms.br\/en\/wp-json\/wp\/v2\/posts\/6550\/revisions"}],"predecessor-version":[{"id":6552,"href":"https:\/\/cpcs.ufms.br\/en\/wp-json\/wp\/v2\/posts\/6550\/revisions\/6552"}],"wp:featuredmedia":[{"embeddable":true,"href":"https:\/\/cpcs.ufms.br\/en\/wp-json\/wp\/v2\/media\/6551"}],"wp:attachment":[{"href":"https:\/\/cpcs.ufms.br\/en\/wp-json\/wp\/v2\/media?parent=6550"}],"wp:term":[{"taxonomy":"category","embeddable":true,"href":"https:\/\/cpcs.ufms.br\/en\/wp-json\/wp\/v2\/categories?post=6550"},{"taxonomy":"post_tag","embeddable":true,"href":"https:\/\/cpcs.ufms.br\/en\/wp-json\/wp\/v2\/tags?post=6550"},{"taxonomy":"author","embeddable":true,"href":"https:\/\/cpcs.ufms.br\/en\/wp-json\/wp\/v2\/coauthors?post=6550"}],"curies":[{"name":"wp","href":"https:\/\/api.w.org\/{rel}","templated":true}]}}