{"id":6432,"date":"2020-11-04T08:56:24","date_gmt":"2020-11-04T12:56:24","guid":{"rendered":"https:\/\/cpcs.ufms.br\/?p=6432"},"modified":"2020-11-04T08:56:24","modified_gmt":"2020-11-04T12:56:24","slug":"comunidade-ja-pode-participar-da-2a-etapa-da-avaliacao-institucional","status":"publish","type":"post","link":"https:\/\/cpcs.ufms.br\/en\/comunidade-ja-pode-participar-da-2a-etapa-da-avaliacao-institucional\/","title":{"rendered":"Comunidade j\u00e1 pode participar da 2\u00aa etapa da Avalia\u00e7\u00e3o Institucional"},"content":{"rendered":"<p>Dos dias 3 a 30 de novembro os estudantes e servidores da UFMS podem fazer suas opini\u00f5es sobre a Universidade serem ouvidas por meio da participa\u00e7\u00e3o na Avalia\u00e7\u00e3o Institucional do segundo semestre de 2020.<\/p>\n<p>As quest\u00f5es nesta etapa se baseiam em quatro eixos: Planejamento e Avalia\u00e7\u00e3o Institucional, Desenvolvimento Institucional, Pol\u00edticas Acad\u00eamicas e Pol\u00edticas de Gest\u00e3o. Estes eixos englobam temas como planejamento e avalia\u00e7\u00e3o, miss\u00e3o e plano de desenvolvimento institucional, responsabilidade social da institui\u00e7\u00e3o, pol\u00edticas para o ensino, a pesquisa e a extens\u00e3o; comunica\u00e7\u00e3o com a sociedade, pol\u00edtica de atendimento aos discentes, pol\u00edticas de pessoal, organiza\u00e7\u00e3o e gest\u00e3o da institui\u00e7\u00e3o e sustentabilidade financeira.<\/p>\n<p>Como a pandemia alterou a maneira em que as atividades est\u00e3o sendo realizadas, h\u00e1 tamb\u00e9m um t\u00f3pico especialmente voltado para a atual realidade. \u201cN\u00f3s temos um bloco de quest\u00f5es espec\u00edfico para o Ensino Remoto de Emerg\u00eancia. N\u00e3o ser\u00e1 avaliada a infraestrutura f\u00edsica, visto que as aulas est\u00e3o ocorrendo a dist\u00e2ncia, ent\u00e3o a Comiss\u00e3o Pr\u00f3pria de Avalia\u00e7\u00e3o fez algumas adequa\u00e7\u00f5es para este momento at\u00edpico que estamos vivendo\u201d, comenta Jacyara de Souza, secret\u00e1ria especial de Avalia\u00e7\u00e3o Institucional.<\/p>\n<figure id=\"attachment_58233\" class=\"thumbnail wp-caption alignright\"><a href=\"https:\/\/www.ufms.br\/wp-content\/uploads\/2020\/11\/pop-up.png\" rel=\"lightbox[58232]\"><img fetchpriority=\"high\" decoding=\"async\" class=\"wp-image-58233 size-medium\" src=\"https:\/\/www.ufms.br\/wp-content\/uploads\/2020\/11\/pop-up-300x245.png\" alt=\"\" width=\"300\" height=\"245\" data-wp-editing=\"1\" \/><\/a><figcaption class=\"caption wp-caption-text\">A avalia\u00e7\u00e3o \u00e9 considerada uma ferramenta importante para tomadas de decis\u00e3o na Universidade<\/figcaption><\/figure>\n<p>A Avalia\u00e7\u00e3o Institucional \u00e9 uma ferramenta essencial para que seja poss\u00edvel rastrear e avaliar as demandas e oportunidades de crescimento e\/ou melhora no atendimento \u00e0 comunidade acad\u00eamica. Algumas necessidades importantes apenas foram identificadas e resolvidas pela Administra\u00e7\u00e3o Central ap\u00f3s a manifesta\u00e7\u00e3o da comunidade em question\u00e1rios anteriores, como os pedidos por mais pol\u00edticas de internacionaliza\u00e7\u00e3o, de melhoria nos espa\u00e7os de conviv\u00eancia e alimenta\u00e7\u00e3o, e de fortalecimento no atendimento aos estudantes.<\/p>\n<p><strong>Acesse <a href=\"https:\/\/siai.ufms.br\/avaliacao-institucional\" target=\"_blank\" rel=\"noopener noreferrer\">siai.ufms.br\/avaliacao-institucional<\/a><\/strong><strong> e n\u00e3o deixe de contribuir.<\/strong><\/p>\n<p>Podem participar da consulta estudantes gradua\u00e7\u00e3o presencial e EaD, estudantes p\u00f3s-gradua\u00e7\u00e3o <i>stricto sensu<\/i>, estudantes residentes, professores, coordenadores de cursos de gradua\u00e7\u00e3o e p\u00f3s-gradua\u00e7\u00e3o, t\u00e9cnicos-administrativos e diretores de unidades.<\/p>\n<p><i>Texto: Leticia Bueno<\/i><\/p>\n","protected":false},"excerpt":{"rendered":"<p>Dos dias 3 a 30 de novembro os estudantes e servidores da UFMS podem fazer suas opini\u00f5es sobre a Universidade serem ouvidas por meio da participa\u00e7\u00e3o na Avalia\u00e7\u00e3o Institucional do segundo semestre de 2020. As quest\u00f5es nesta etapa se baseiam em quatro eixos: Planejamento e Avalia\u00e7\u00e3o Institucional, Desenvolvimento Institucional, Pol\u00edticas Acad\u00eamicas e Pol\u00edticas de Gest\u00e3o. [&hellip;]<\/p>\n","protected":false},"author":10354,"featured_media":6434,"comment_status":"closed","ping_status":"closed","sticky":false,"template":"","format":"standard","meta":{"ngg_post_thumbnail":0,"footnotes":""},"categories":[3,1],"tags":[],"coauthors":[40],"class_list":["post-6432","post","type-post","status-publish","format-standard","has-post-thumbnail","hentry","category-fotos-imagens","category-noticias"],"yoast_head":"<!-- This site is optimized with the Yoast SEO plugin v26.2 - https:\/\/yoast.com\/wordpress\/plugins\/seo\/ -->\n<title>Comunidade j\u00e1 pode participar da 2\u00aa etapa da Avalia\u00e7\u00e3o Institucional - Campus de Chapad\u00e3o do Sul<\/title>\n<meta name=\"robots\" content=\"index, follow, max-snippet:-1, max-image-preview:large, max-video-preview:-1\" \/>\n<link rel=\"canonical\" href=\"https:\/\/cpcs.ufms.br\/comunidade-ja-pode-participar-da-2a-etapa-da-avaliacao-institucional\/\" \/>\n<meta property=\"og:locale\" content=\"en_US\" \/>\n<meta property=\"og:type\" content=\"article\" \/>\n<meta property=\"og:title\" content=\"Comunidade j\u00e1 pode participar da 2\u00aa etapa da Avalia\u00e7\u00e3o Institucional - Campus de Chapad\u00e3o do Sul\" \/>\n<meta property=\"og:description\" content=\"Dos dias 3 a 30 de novembro os estudantes e servidores da UFMS podem fazer suas opini\u00f5es sobre a Universidade serem ouvidas por meio da participa\u00e7\u00e3o na Avalia\u00e7\u00e3o Institucional do segundo semestre de 2020. As quest\u00f5es nesta etapa se baseiam em quatro eixos: Planejamento e Avalia\u00e7\u00e3o Institucional, Desenvolvimento Institucional, Pol\u00edticas Acad\u00eamicas e Pol\u00edticas de Gest\u00e3o. [&hellip;]\" \/>\n<meta property=\"og:url\" content=\"https:\/\/cpcs.ufms.br\/comunidade-ja-pode-participar-da-2a-etapa-da-avaliacao-institucional\/\" \/>\n<meta property=\"og:site_name\" content=\"Campus de Chapad\u00e3o do Sul\" \/>\n<meta property=\"article:published_time\" content=\"2020-11-04T12:56:24+00:00\" \/>\n<meta property=\"og:image\" content=\"https:\/\/cpcs.ufms.br\/files\/2020\/11\/8A2D57F3-EED2-42F2-BD0B-A3132A418162.jpeg\" \/>\n\t<meta property=\"og:image:width\" content=\"768\" \/>\n\t<meta property=\"og:image:height\" content=\"246\" \/>\n\t<meta property=\"og:image:type\" content=\"image\/jpeg\" \/>\n<meta name=\"author\" content=\"VITORIA FATIMA BERNARDO\" \/>\n<meta name=\"twitter:label1\" content=\"Written by\" \/>\n\t<meta name=\"twitter:data1\" content=\"VITORIA FATIMA BERNARDO\" \/>\n\t<meta name=\"twitter:label2\" content=\"Est. reading time\" \/>\n\t<meta name=\"twitter:data2\" content=\"2 minutes\" \/>\n<script type=\"application\/ld+json\" class=\"yoast-schema-graph\">{\"@context\":\"https:\/\/schema.org\",\"@graph\":[{\"@type\":\"WebPage\",\"@id\":\"https:\/\/cpcs.ufms.br\/comunidade-ja-pode-participar-da-2a-etapa-da-avaliacao-institucional\/\",\"url\":\"https:\/\/cpcs.ufms.br\/comunidade-ja-pode-participar-da-2a-etapa-da-avaliacao-institucional\/\",\"name\":\"Comunidade j\u00e1 pode participar da 2\u00aa etapa da Avalia\u00e7\u00e3o Institucional - Campus de Chapad\u00e3o do Sul\",\"isPartOf\":{\"@id\":\"https:\/\/cpcs.ufms.br\/#website\"},\"primaryImageOfPage\":{\"@id\":\"https:\/\/cpcs.ufms.br\/comunidade-ja-pode-participar-da-2a-etapa-da-avaliacao-institucional\/#primaryimage\"},\"image\":{\"@id\":\"https:\/\/cpcs.ufms.br\/comunidade-ja-pode-participar-da-2a-etapa-da-avaliacao-institucional\/#primaryimage\"},\"thumbnailUrl\":\"https:\/\/cpcs.ufms.br\/files\/2020\/11\/8A2D57F3-EED2-42F2-BD0B-A3132A418162.jpeg\",\"datePublished\":\"2020-11-04T12:56:24+00:00\",\"author\":{\"@id\":\"https:\/\/cpcs.ufms.br\/#\/schema\/person\/0a505ac2bc6482e4272c3cb0a5d0abc7\"},\"breadcrumb\":{\"@id\":\"https:\/\/cpcs.ufms.br\/comunidade-ja-pode-participar-da-2a-etapa-da-avaliacao-institucional\/#breadcrumb\"},\"inLanguage\":\"en-US\",\"potentialAction\":[{\"@type\":\"ReadAction\",\"target\":[\"https:\/\/cpcs.ufms.br\/comunidade-ja-pode-participar-da-2a-etapa-da-avaliacao-institucional\/\"]}]},{\"@type\":\"ImageObject\",\"inLanguage\":\"en-US\",\"@id\":\"https:\/\/cpcs.ufms.br\/comunidade-ja-pode-participar-da-2a-etapa-da-avaliacao-institucional\/#primaryimage\",\"url\":\"https:\/\/cpcs.ufms.br\/files\/2020\/11\/8A2D57F3-EED2-42F2-BD0B-A3132A418162.jpeg\",\"contentUrl\":\"https:\/\/cpcs.ufms.br\/files\/2020\/11\/8A2D57F3-EED2-42F2-BD0B-A3132A418162.jpeg\",\"width\":768,\"height\":246},{\"@type\":\"BreadcrumbList\",\"@id\":\"https:\/\/cpcs.ufms.br\/comunidade-ja-pode-participar-da-2a-etapa-da-avaliacao-institucional\/#breadcrumb\",\"itemListElement\":[{\"@type\":\"ListItem\",\"position\":1,\"name\":\"In\u00edcio\",\"item\":\"https:\/\/cpcs.ufms.br\/\"},{\"@type\":\"ListItem\",\"position\":2,\"name\":\"Comunidade j\u00e1 pode participar da 2\u00aa etapa da Avalia\u00e7\u00e3o Institucional\"}]},{\"@type\":\"WebSite\",\"@id\":\"https:\/\/cpcs.ufms.br\/#website\",\"url\":\"https:\/\/cpcs.ufms.br\/\",\"name\":\"Campus de Chapad\u00e3o do Sul\",\"description\":\"Universidade Federal de Mato Grosso do Sul\",\"potentialAction\":[{\"@type\":\"SearchAction\",\"target\":{\"@type\":\"EntryPoint\",\"urlTemplate\":\"https:\/\/cpcs.ufms.br\/?s={search_term_string}\"},\"query-input\":{\"@type\":\"PropertyValueSpecification\",\"valueRequired\":true,\"valueName\":\"search_term_string\"}}],\"inLanguage\":\"en-US\"},{\"@type\":\"Person\",\"@id\":\"https:\/\/cpcs.ufms.br\/#\/schema\/person\/0a505ac2bc6482e4272c3cb0a5d0abc7\",\"name\":\"VITORIA FATIMA BERNARDO\",\"url\":\"https:\/\/cpcs.ufms.br\/en\/author\/vitoria-b\/\"}]}<\/script>\n<!-- \/ Yoast SEO plugin. -->","yoast_head_json":{"title":"Comunidade j\u00e1 pode participar da 2\u00aa etapa da Avalia\u00e7\u00e3o Institucional - Campus de Chapad\u00e3o do Sul","robots":{"index":"index","follow":"follow","max-snippet":"max-snippet:-1","max-image-preview":"max-image-preview:large","max-video-preview":"max-video-preview:-1"},"canonical":"https:\/\/cpcs.ufms.br\/comunidade-ja-pode-participar-da-2a-etapa-da-avaliacao-institucional\/","og_locale":"en_US","og_type":"article","og_title":"Comunidade j\u00e1 pode participar da 2\u00aa etapa da Avalia\u00e7\u00e3o Institucional - Campus de Chapad\u00e3o do Sul","og_description":"Dos dias 3 a 30 de novembro os estudantes e servidores da UFMS podem fazer suas opini\u00f5es sobre a Universidade serem ouvidas por meio da participa\u00e7\u00e3o na Avalia\u00e7\u00e3o Institucional do segundo semestre de 2020. As quest\u00f5es nesta etapa se baseiam em quatro eixos: Planejamento e Avalia\u00e7\u00e3o Institucional, Desenvolvimento Institucional, Pol\u00edticas Acad\u00eamicas e Pol\u00edticas de Gest\u00e3o. [&hellip;]","og_url":"https:\/\/cpcs.ufms.br\/comunidade-ja-pode-participar-da-2a-etapa-da-avaliacao-institucional\/","og_site_name":"Campus de Chapad\u00e3o do Sul","article_published_time":"2020-11-04T12:56:24+00:00","og_image":[{"width":768,"height":246,"url":"https:\/\/cpcs.ufms.br\/files\/2020\/11\/8A2D57F3-EED2-42F2-BD0B-A3132A418162.jpeg","type":"image\/jpeg"}],"author":"VITORIA FATIMA BERNARDO","twitter_misc":{"Written by":"VITORIA FATIMA BERNARDO","Est. reading time":"2 minutes"},"schema":{"@context":"https:\/\/schema.org","@graph":[{"@type":"WebPage","@id":"https:\/\/cpcs.ufms.br\/comunidade-ja-pode-participar-da-2a-etapa-da-avaliacao-institucional\/","url":"https:\/\/cpcs.ufms.br\/comunidade-ja-pode-participar-da-2a-etapa-da-avaliacao-institucional\/","name":"Comunidade j\u00e1 pode participar da 2\u00aa etapa da Avalia\u00e7\u00e3o Institucional - Campus de Chapad\u00e3o do Sul","isPartOf":{"@id":"https:\/\/cpcs.ufms.br\/#website"},"primaryImageOfPage":{"@id":"https:\/\/cpcs.ufms.br\/comunidade-ja-pode-participar-da-2a-etapa-da-avaliacao-institucional\/#primaryimage"},"image":{"@id":"https:\/\/cpcs.ufms.br\/comunidade-ja-pode-participar-da-2a-etapa-da-avaliacao-institucional\/#primaryimage"},"thumbnailUrl":"https:\/\/cpcs.ufms.br\/files\/2020\/11\/8A2D57F3-EED2-42F2-BD0B-A3132A418162.jpeg","datePublished":"2020-11-04T12:56:24+00:00","author":{"@id":"https:\/\/cpcs.ufms.br\/#\/schema\/person\/0a505ac2bc6482e4272c3cb0a5d0abc7"},"breadcrumb":{"@id":"https:\/\/cpcs.ufms.br\/comunidade-ja-pode-participar-da-2a-etapa-da-avaliacao-institucional\/#breadcrumb"},"inLanguage":"en-US","potentialAction":[{"@type":"ReadAction","target":["https:\/\/cpcs.ufms.br\/comunidade-ja-pode-participar-da-2a-etapa-da-avaliacao-institucional\/"]}]},{"@type":"ImageObject","inLanguage":"en-US","@id":"https:\/\/cpcs.ufms.br\/comunidade-ja-pode-participar-da-2a-etapa-da-avaliacao-institucional\/#primaryimage","url":"https:\/\/cpcs.ufms.br\/files\/2020\/11\/8A2D57F3-EED2-42F2-BD0B-A3132A418162.jpeg","contentUrl":"https:\/\/cpcs.ufms.br\/files\/2020\/11\/8A2D57F3-EED2-42F2-BD0B-A3132A418162.jpeg","width":768,"height":246},{"@type":"BreadcrumbList","@id":"https:\/\/cpcs.ufms.br\/comunidade-ja-pode-participar-da-2a-etapa-da-avaliacao-institucional\/#breadcrumb","itemListElement":[{"@type":"ListItem","position":1,"name":"In\u00edcio","item":"https:\/\/cpcs.ufms.br\/"},{"@type":"ListItem","position":2,"name":"Comunidade j\u00e1 pode participar da 2\u00aa etapa da Avalia\u00e7\u00e3o Institucional"}]},{"@type":"WebSite","@id":"https:\/\/cpcs.ufms.br\/#website","url":"https:\/\/cpcs.ufms.br\/","name":"Campus de Chapad\u00e3o do Sul","description":"Universidade Federal de Mato Grosso do Sul","potentialAction":[{"@type":"SearchAction","target":{"@type":"EntryPoint","urlTemplate":"https:\/\/cpcs.ufms.br\/?s={search_term_string}"},"query-input":{"@type":"PropertyValueSpecification","valueRequired":true,"valueName":"search_term_string"}}],"inLanguage":"en-US"},{"@type":"Person","@id":"https:\/\/cpcs.ufms.br\/#\/schema\/person\/0a505ac2bc6482e4272c3cb0a5d0abc7","name":"VITORIA FATIMA BERNARDO","url":"https:\/\/cpcs.ufms.br\/en\/author\/vitoria-b\/"}]}},"_links":{"self":[{"href":"https:\/\/cpcs.ufms.br\/en\/wp-json\/wp\/v2\/posts\/6432","targetHints":{"allow":["GET"]}}],"collection":[{"href":"https:\/\/cpcs.ufms.br\/en\/wp-json\/wp\/v2\/posts"}],"about":[{"href":"https:\/\/cpcs.ufms.br\/en\/wp-json\/wp\/v2\/types\/post"}],"author":[{"embeddable":true,"href":"https:\/\/cpcs.ufms.br\/en\/wp-json\/wp\/v2\/users\/10354"}],"replies":[{"embeddable":true,"href":"https:\/\/cpcs.ufms.br\/en\/wp-json\/wp\/v2\/comments?post=6432"}],"version-history":[{"count":1,"href":"https:\/\/cpcs.ufms.br\/en\/wp-json\/wp\/v2\/posts\/6432\/revisions"}],"predecessor-version":[{"id":6435,"href":"https:\/\/cpcs.ufms.br\/en\/wp-json\/wp\/v2\/posts\/6432\/revisions\/6435"}],"wp:featuredmedia":[{"embeddable":true,"href":"https:\/\/cpcs.ufms.br\/en\/wp-json\/wp\/v2\/media\/6434"}],"wp:attachment":[{"href":"https:\/\/cpcs.ufms.br\/en\/wp-json\/wp\/v2\/media?parent=6432"}],"wp:term":[{"taxonomy":"category","embeddable":true,"href":"https:\/\/cpcs.ufms.br\/en\/wp-json\/wp\/v2\/categories?post=6432"},{"taxonomy":"post_tag","embeddable":true,"href":"https:\/\/cpcs.ufms.br\/en\/wp-json\/wp\/v2\/tags?post=6432"},{"taxonomy":"author","embeddable":true,"href":"https:\/\/cpcs.ufms.br\/en\/wp-json\/wp\/v2\/coauthors?post=6432"}],"curies":[{"name":"wp","href":"https:\/\/api.w.org\/{rel}","templated":true}]}}