{"id":1878,"date":"2014-02-20T13:36:26","date_gmt":"2014-02-20T17:36:26","guid":{"rendered":"http:\/\/cpcs.draconis.ufms.br\/?p=1878"},"modified":"2014-02-20T13:36:26","modified_gmt":"2014-02-20T17:36:26","slug":"2o-congresso-do-setor-sucroenergetico-do-brasil-central-canacentro","status":"publish","type":"post","link":"https:\/\/cpcs.ufms.br\/en\/2o-congresso-do-setor-sucroenergetico-do-brasil-central-canacentro\/","title":{"rendered":"2\u00ba CONGRESSO DO SETOR SUCROENERG\u00c9TICO DO BRASIL CENTRAL &#8211; CANACENTRO"},"content":{"rendered":"<p>A Company Eventos, juntamente com a \u00a0Federa\u00e7\u00e3o de Agricultura e Pecu\u00e1ria de Mato Grosso do Sul \u2013\u00a0<b>FAMASUL e\u00a0<\/b>a Associa\u00e7\u00e3o dos Produtores de Bionergia de Mato Grosso do Sul \u2013\u00a0<b>BIOSUL<\/b>, est\u00e3o trabalhando na realiza\u00e7\u00e3o do<b>\u00a02\u00ba CONGRESSO DO SETOR SUCROENERG\u00c9TICO DO BRASIL CENTRAL &#8211; CANACENTRO<\/b>\u00a0, que acontecer\u00e1 de 19 a 21 de mar\u00e7o de 2014, no Centro de Conven\u00e7\u00f5es Arquiteto Rubens Gil de Camillo, na cidade de Campo Grande\/MS.<\/p>\n<p>&nbsp;<\/p>\n<p>O 2\u00ba CANACENTRO abordar\u00e1 o tema \u201cVis\u00f5es de futuro\u201d, contar\u00e1 com a participa\u00e7\u00e3o de palestrantes de renome internacional abordando assuntos do presente e as perspectivas para do setor sucroenerg\u00e9tico brasileiro.\u00a0Vimos atrav\u00e9s de oficio, que segue anexo, pedir o apoio dessa institui\u00e7\u00e3o na divulga\u00e7\u00e3o do Congresso aos acad\u00eamicos, professores e os demais interessados na \u00e1rea.<\/p>\n<p>&nbsp;<\/p>\n<p>Segue abaixo o site para maiores informa\u00e7\u00f5es sobre o envento:<\/p>\n<p><a href=\"http:\/\/www.canacentro.sistematuse.com.br\/\" target=\"_blank\">http:\/\/www.canacentro.sistematuse.com.br\/<\/a><\/p>\n<p><a href=\"https:\/\/www.facebook.com\/IIcanacentro\" target=\"_blank\">https:\/\/www.facebook.com\/IIcanacentro<\/a><\/p>\n<p><a href=\"http:\/\/cpcs.draconis.ufms.br\/wp-content\/blogs.dir\/47\/files\/2014\/02\/Of.-Coordenadores.pdf\">Of. 2\u00ba Canacentro<\/a><\/p>\n<p>&nbsp;<\/p>\n<p style=\"padding-left: 60px\"><a href=\"http:\/\/cpcs.draconis.ufms.br\/wp-content\/blogs.dir\/47\/files\/2014\/02\/highlight_canacentro_1.png\"><img decoding=\"async\" class=\"size-thumbnail wp-image-1880 alignleft\" alt=\"highlight_canacentro_1\" src=\"http:\/\/cpcs.draconis.ufms.br\/wp-content\/blogs.dir\/47\/files\/2014\/02\/highlight_canacentro_1-150x150.png\" width=\"150\" height=\"150\" \/><\/a>\u00a0 \u00a0 \u00a0<a href=\"http:\/\/cpcs.draconis.ufms.br\/wp-content\/blogs.dir\/47\/files\/2014\/02\/Canacentro.png\"><img decoding=\"async\" class=\"size-thumbnail wp-image-1879 alignleft\" alt=\"Canacentro\" src=\"http:\/\/cpcs.draconis.ufms.br\/wp-content\/blogs.dir\/47\/files\/2014\/02\/Canacentro-150x150.png\" width=\"150\" height=\"150\" \/><\/a><\/p>\n","protected":false},"excerpt":{"rendered":"<p>A Company Eventos, juntamente com a \u00a0Federa\u00e7\u00e3o de Agricultura e Pecu\u00e1ria de Mato Grosso do Sul \u2013\u00a0FAMASUL e\u00a0a Associa\u00e7\u00e3o dos Produtores de Bionergia de Mato Grosso do Sul \u2013\u00a0BIOSUL, est\u00e3o trabalhando na realiza\u00e7\u00e3o do\u00a02\u00ba CONGRESSO DO SETOR SUCROENERG\u00c9TICO DO BRASIL CENTRAL &#8211; CANACENTRO\u00a0, que acontecer\u00e1 de 19 a 21 de mar\u00e7o de 2014, no Centro [&hellip;]<\/p>\n","protected":false},"author":148,"featured_media":0,"comment_status":"closed","ping_status":"open","sticky":false,"template":"","format":"standard","meta":{"ngg_post_thumbnail":0,"footnotes":""},"categories":[1],"tags":[],"coauthors":[],"class_list":["post-1878","post","type-post","status-publish","format-standard","hentry","category-noticias"],"yoast_head":"<!-- This site is optimized with the Yoast SEO plugin v26.2 - https:\/\/yoast.com\/wordpress\/plugins\/seo\/ -->\n<title>2\u00ba CONGRESSO DO SETOR SUCROENERG\u00c9TICO DO BRASIL CENTRAL - CANACENTRO - Campus de Chapad\u00e3o do Sul<\/title>\n<meta name=\"robots\" content=\"index, follow, max-snippet:-1, max-image-preview:large, max-video-preview:-1\" \/>\n<link rel=\"canonical\" href=\"https:\/\/cpcs.ufms.br\/2o-congresso-do-setor-sucroenergetico-do-brasil-central-canacentro\/\" \/>\n<meta property=\"og:locale\" content=\"en_US\" \/>\n<meta property=\"og:type\" content=\"article\" \/>\n<meta property=\"og:title\" content=\"2\u00ba CONGRESSO DO SETOR SUCROENERG\u00c9TICO DO BRASIL CENTRAL - CANACENTRO - Campus de Chapad\u00e3o do Sul\" \/>\n<meta property=\"og:description\" content=\"A Company Eventos, juntamente com a \u00a0Federa\u00e7\u00e3o de Agricultura e Pecu\u00e1ria de Mato Grosso do Sul \u2013\u00a0FAMASUL e\u00a0a Associa\u00e7\u00e3o dos Produtores de Bionergia de Mato Grosso do Sul \u2013\u00a0BIOSUL, est\u00e3o trabalhando na realiza\u00e7\u00e3o do\u00a02\u00ba CONGRESSO DO SETOR SUCROENERG\u00c9TICO DO BRASIL CENTRAL &#8211; CANACENTRO\u00a0, que acontecer\u00e1 de 19 a 21 de mar\u00e7o de 2014, no Centro [&hellip;]\" \/>\n<meta property=\"og:url\" content=\"https:\/\/cpcs.ufms.br\/2o-congresso-do-setor-sucroenergetico-do-brasil-central-canacentro\/\" \/>\n<meta property=\"og:site_name\" content=\"Campus de Chapad\u00e3o do Sul\" \/>\n<meta property=\"article:published_time\" content=\"2014-02-20T17:36:26+00:00\" \/>\n<meta property=\"og:image\" content=\"http:\/\/cpcs.draconis.ufms.br\/wp-content\/blogs.dir\/47\/files\/2014\/02\/highlight_canacentro_1-150x150.png\" \/>\n<meta name=\"twitter:label1\" content=\"Written by\" \/>\n\t<meta name=\"twitter:data1\" content=\"\" \/>\n\t<meta name=\"twitter:label2\" content=\"Est. reading time\" \/>\n\t<meta name=\"twitter:data2\" content=\"1 minute\" \/>\n<script type=\"application\/ld+json\" class=\"yoast-schema-graph\">{\"@context\":\"https:\/\/schema.org\",\"@graph\":[{\"@type\":\"WebPage\",\"@id\":\"https:\/\/cpcs.ufms.br\/2o-congresso-do-setor-sucroenergetico-do-brasil-central-canacentro\/\",\"url\":\"https:\/\/cpcs.ufms.br\/2o-congresso-do-setor-sucroenergetico-do-brasil-central-canacentro\/\",\"name\":\"2\u00ba CONGRESSO DO SETOR SUCROENERG\u00c9TICO DO BRASIL CENTRAL - CANACENTRO - Campus de Chapad\u00e3o do Sul\",\"isPartOf\":{\"@id\":\"https:\/\/cpcs.ufms.br\/#website\"},\"primaryImageOfPage\":{\"@id\":\"https:\/\/cpcs.ufms.br\/2o-congresso-do-setor-sucroenergetico-do-brasil-central-canacentro\/#primaryimage\"},\"image\":{\"@id\":\"https:\/\/cpcs.ufms.br\/2o-congresso-do-setor-sucroenergetico-do-brasil-central-canacentro\/#primaryimage\"},\"thumbnailUrl\":\"http:\/\/cpcs.draconis.ufms.br\/wp-content\/blogs.dir\/47\/files\/2014\/02\/highlight_canacentro_1-150x150.png\",\"datePublished\":\"2014-02-20T17:36:26+00:00\",\"author\":{\"@id\":\"\"},\"breadcrumb\":{\"@id\":\"https:\/\/cpcs.ufms.br\/2o-congresso-do-setor-sucroenergetico-do-brasil-central-canacentro\/#breadcrumb\"},\"inLanguage\":\"en-US\",\"potentialAction\":[{\"@type\":\"ReadAction\",\"target\":[\"https:\/\/cpcs.ufms.br\/2o-congresso-do-setor-sucroenergetico-do-brasil-central-canacentro\/\"]}]},{\"@type\":\"ImageObject\",\"inLanguage\":\"en-US\",\"@id\":\"https:\/\/cpcs.ufms.br\/2o-congresso-do-setor-sucroenergetico-do-brasil-central-canacentro\/#primaryimage\",\"url\":\"http:\/\/cpcs.draconis.ufms.br\/wp-content\/blogs.dir\/47\/files\/2014\/02\/highlight_canacentro_1-150x150.png\",\"contentUrl\":\"http:\/\/cpcs.draconis.ufms.br\/wp-content\/blogs.dir\/47\/files\/2014\/02\/highlight_canacentro_1-150x150.png\"},{\"@type\":\"BreadcrumbList\",\"@id\":\"https:\/\/cpcs.ufms.br\/2o-congresso-do-setor-sucroenergetico-do-brasil-central-canacentro\/#breadcrumb\",\"itemListElement\":[{\"@type\":\"ListItem\",\"position\":1,\"name\":\"In\u00edcio\",\"item\":\"https:\/\/cpcs.ufms.br\/\"},{\"@type\":\"ListItem\",\"position\":2,\"name\":\"2\u00ba CONGRESSO DO SETOR SUCROENERG\u00c9TICO DO BRASIL CENTRAL &#8211; CANACENTRO\"}]},{\"@type\":\"WebSite\",\"@id\":\"https:\/\/cpcs.ufms.br\/#website\",\"url\":\"https:\/\/cpcs.ufms.br\/\",\"name\":\"Campus de Chapad\u00e3o do Sul\",\"description\":\"Universidade Federal de Mato Grosso do Sul\",\"potentialAction\":[{\"@type\":\"SearchAction\",\"target\":{\"@type\":\"EntryPoint\",\"urlTemplate\":\"https:\/\/cpcs.ufms.br\/?s={search_term_string}\"},\"query-input\":{\"@type\":\"PropertyValueSpecification\",\"valueRequired\":true,\"valueName\":\"search_term_string\"}}],\"inLanguage\":\"en-US\"},{\"@type\":\"Person\",\"@id\":\"\",\"url\":\"https:\/\/cpcs.ufms.br\/en\/author\/\"}]}<\/script>\n<!-- \/ Yoast SEO plugin. -->","yoast_head_json":{"title":"2\u00ba CONGRESSO DO SETOR SUCROENERG\u00c9TICO DO BRASIL CENTRAL - CANACENTRO - Campus de Chapad\u00e3o do Sul","robots":{"index":"index","follow":"follow","max-snippet":"max-snippet:-1","max-image-preview":"max-image-preview:large","max-video-preview":"max-video-preview:-1"},"canonical":"https:\/\/cpcs.ufms.br\/2o-congresso-do-setor-sucroenergetico-do-brasil-central-canacentro\/","og_locale":"en_US","og_type":"article","og_title":"2\u00ba CONGRESSO DO SETOR SUCROENERG\u00c9TICO DO BRASIL CENTRAL - CANACENTRO - Campus de Chapad\u00e3o do Sul","og_description":"A Company Eventos, juntamente com a \u00a0Federa\u00e7\u00e3o de Agricultura e Pecu\u00e1ria de Mato Grosso do Sul \u2013\u00a0FAMASUL e\u00a0a Associa\u00e7\u00e3o dos Produtores de Bionergia de Mato Grosso do Sul \u2013\u00a0BIOSUL, est\u00e3o trabalhando na realiza\u00e7\u00e3o do\u00a02\u00ba CONGRESSO DO SETOR SUCROENERG\u00c9TICO DO BRASIL CENTRAL &#8211; CANACENTRO\u00a0, que acontecer\u00e1 de 19 a 21 de mar\u00e7o de 2014, no Centro [&hellip;]","og_url":"https:\/\/cpcs.ufms.br\/2o-congresso-do-setor-sucroenergetico-do-brasil-central-canacentro\/","og_site_name":"Campus de Chapad\u00e3o do Sul","article_published_time":"2014-02-20T17:36:26+00:00","og_image":[{"url":"http:\/\/cpcs.draconis.ufms.br\/wp-content\/blogs.dir\/47\/files\/2014\/02\/highlight_canacentro_1-150x150.png","type":"","width":"","height":""}],"twitter_misc":{"Written by":"","Est. reading time":"1 minute"},"schema":{"@context":"https:\/\/schema.org","@graph":[{"@type":"WebPage","@id":"https:\/\/cpcs.ufms.br\/2o-congresso-do-setor-sucroenergetico-do-brasil-central-canacentro\/","url":"https:\/\/cpcs.ufms.br\/2o-congresso-do-setor-sucroenergetico-do-brasil-central-canacentro\/","name":"2\u00ba CONGRESSO DO SETOR SUCROENERG\u00c9TICO DO BRASIL CENTRAL - CANACENTRO - Campus de Chapad\u00e3o do Sul","isPartOf":{"@id":"https:\/\/cpcs.ufms.br\/#website"},"primaryImageOfPage":{"@id":"https:\/\/cpcs.ufms.br\/2o-congresso-do-setor-sucroenergetico-do-brasil-central-canacentro\/#primaryimage"},"image":{"@id":"https:\/\/cpcs.ufms.br\/2o-congresso-do-setor-sucroenergetico-do-brasil-central-canacentro\/#primaryimage"},"thumbnailUrl":"http:\/\/cpcs.draconis.ufms.br\/wp-content\/blogs.dir\/47\/files\/2014\/02\/highlight_canacentro_1-150x150.png","datePublished":"2014-02-20T17:36:26+00:00","author":{"@id":""},"breadcrumb":{"@id":"https:\/\/cpcs.ufms.br\/2o-congresso-do-setor-sucroenergetico-do-brasil-central-canacentro\/#breadcrumb"},"inLanguage":"en-US","potentialAction":[{"@type":"ReadAction","target":["https:\/\/cpcs.ufms.br\/2o-congresso-do-setor-sucroenergetico-do-brasil-central-canacentro\/"]}]},{"@type":"ImageObject","inLanguage":"en-US","@id":"https:\/\/cpcs.ufms.br\/2o-congresso-do-setor-sucroenergetico-do-brasil-central-canacentro\/#primaryimage","url":"http:\/\/cpcs.draconis.ufms.br\/wp-content\/blogs.dir\/47\/files\/2014\/02\/highlight_canacentro_1-150x150.png","contentUrl":"http:\/\/cpcs.draconis.ufms.br\/wp-content\/blogs.dir\/47\/files\/2014\/02\/highlight_canacentro_1-150x150.png"},{"@type":"BreadcrumbList","@id":"https:\/\/cpcs.ufms.br\/2o-congresso-do-setor-sucroenergetico-do-brasil-central-canacentro\/#breadcrumb","itemListElement":[{"@type":"ListItem","position":1,"name":"In\u00edcio","item":"https:\/\/cpcs.ufms.br\/"},{"@type":"ListItem","position":2,"name":"2\u00ba CONGRESSO DO SETOR SUCROENERG\u00c9TICO DO BRASIL CENTRAL &#8211; CANACENTRO"}]},{"@type":"WebSite","@id":"https:\/\/cpcs.ufms.br\/#website","url":"https:\/\/cpcs.ufms.br\/","name":"Campus de Chapad\u00e3o do Sul","description":"Universidade Federal de Mato Grosso do Sul","potentialAction":[{"@type":"SearchAction","target":{"@type":"EntryPoint","urlTemplate":"https:\/\/cpcs.ufms.br\/?s={search_term_string}"},"query-input":{"@type":"PropertyValueSpecification","valueRequired":true,"valueName":"search_term_string"}}],"inLanguage":"en-US"},{"@type":"Person","@id":"","url":"https:\/\/cpcs.ufms.br\/en\/author\/"}]}},"_links":{"self":[{"href":"https:\/\/cpcs.ufms.br\/en\/wp-json\/wp\/v2\/posts\/1878","targetHints":{"allow":["GET"]}}],"collection":[{"href":"https:\/\/cpcs.ufms.br\/en\/wp-json\/wp\/v2\/posts"}],"about":[{"href":"https:\/\/cpcs.ufms.br\/en\/wp-json\/wp\/v2\/types\/post"}],"author":[{"embeddable":true,"href":"https:\/\/cpcs.ufms.br\/en\/wp-json\/wp\/v2\/users\/148"}],"replies":[{"embeddable":true,"href":"https:\/\/cpcs.ufms.br\/en\/wp-json\/wp\/v2\/comments?post=1878"}],"version-history":[{"count":2,"href":"https:\/\/cpcs.ufms.br\/en\/wp-json\/wp\/v2\/posts\/1878\/revisions"}],"predecessor-version":[{"id":1883,"href":"https:\/\/cpcs.ufms.br\/en\/wp-json\/wp\/v2\/posts\/1878\/revisions\/1883"}],"wp:attachment":[{"href":"https:\/\/cpcs.ufms.br\/en\/wp-json\/wp\/v2\/media?parent=1878"}],"wp:term":[{"taxonomy":"category","embeddable":true,"href":"https:\/\/cpcs.ufms.br\/en\/wp-json\/wp\/v2\/categories?post=1878"},{"taxonomy":"post_tag","embeddable":true,"href":"https:\/\/cpcs.ufms.br\/en\/wp-json\/wp\/v2\/tags?post=1878"},{"taxonomy":"author","embeddable":true,"href":"https:\/\/cpcs.ufms.br\/en\/wp-json\/wp\/v2\/coauthors?post=1878"}],"curies":[{"name":"wp","href":"https:\/\/api.w.org\/{rel}","templated":true}]}}