{"id":10150,"date":"2023-11-13T20:25:42","date_gmt":"2023-11-14T00:25:42","guid":{"rendered":"https:\/\/cpcs.ufms.br\/?p=10150"},"modified":"2023-11-13T23:42:43","modified_gmt":"2023-11-14T03:42:43","slug":"resultado-das-eleicoes-coordenadores-de-curso","status":"publish","type":"post","link":"https:\/\/cpcs.ufms.br\/en\/resultado-das-eleicoes-coordenadores-de-curso\/","title":{"rendered":"Resultado das elei\u00e7\u00f5es &#8211; Coordenador de Curso"},"content":{"rendered":"<p>Parab\u00e9ns aos eleitos coordenadores de curso de gradua\u00e7\u00e3o do CPCS para o bi\u00eanio 2024-2026, conforme <a href=\"https:\/\/boletimoficial.ufms.br\/bse\/publicacao?id=505955\">RESOLU\u00c7\u00c3O N\u00ba 368 &#8211; CAS\/CPCS\/UFMS, DE 10 DE NOVEMBRO DE 2023<\/a>:<\/p>\n<p>Prof. Wallace da Silva de Almeida \u2013 Coordenador de Curso de Administra\u00e7\u00e3o<\/p>\n<p>Prof. Everton da Silva Neiro \u2013 Coordenador de Curso de Agronomia<\/p>\n<p>Prof. Gileno Brito de Azevedo \u2013 Coordenador de Curso de Engenharia Florestal<\/p>\n<p>&nbsp;<\/p>\n<p>Desejamos sucesso!!!<\/p>\n<p>&nbsp;<\/p>\n<p>Equipe CPCS<\/p>\n","protected":false},"excerpt":{"rendered":"<p>Parab\u00e9ns aos eleitos coordenadores de curso de gradua\u00e7\u00e3o do CPCS para o bi\u00eanio 2024-2026, conforme RESOLU\u00c7\u00c3O N\u00ba 368 &#8211; CAS\/CPCS\/UFMS, DE 10 DE NOVEMBRO DE 2023: Prof. Wallace da Silva de Almeida \u2013 Coordenador de Curso de Administra\u00e7\u00e3o Prof. Everton da Silva Neiro \u2013 Coordenador de Curso de Agronomia Prof. Gileno Brito de Azevedo \u2013 [&hellip;]<\/p>\n","protected":false},"author":699,"featured_media":10151,"comment_status":"closed","ping_status":"closed","sticky":false,"template":"","format":"standard","meta":{"ngg_post_thumbnail":0,"footnotes":""},"categories":[1],"tags":[],"coauthors":[38],"class_list":["post-10150","post","type-post","status-publish","format-standard","has-post-thumbnail","hentry","category-noticias"],"yoast_head":"<!-- This site is optimized with the Yoast SEO plugin v26.2 - https:\/\/yoast.com\/wordpress\/plugins\/seo\/ -->\n<title>Resultado das elei\u00e7\u00f5es - Coordenador de Curso - Campus de Chapad\u00e3o do Sul<\/title>\n<meta name=\"robots\" content=\"index, follow, max-snippet:-1, max-image-preview:large, max-video-preview:-1\" \/>\n<link rel=\"canonical\" href=\"https:\/\/cpcs.ufms.br\/resultado-das-eleicoes-coordenadores-de-curso\/\" \/>\n<meta property=\"og:locale\" content=\"en_US\" \/>\n<meta property=\"og:type\" content=\"article\" \/>\n<meta property=\"og:title\" content=\"Resultado das elei\u00e7\u00f5es - Coordenador de Curso - Campus de Chapad\u00e3o do Sul\" \/>\n<meta property=\"og:description\" content=\"Parab\u00e9ns aos eleitos coordenadores de curso de gradua\u00e7\u00e3o do CPCS para o bi\u00eanio 2024-2026, conforme RESOLU\u00c7\u00c3O N\u00ba 368 &#8211; CAS\/CPCS\/UFMS, DE 10 DE NOVEMBRO DE 2023: Prof. Wallace da Silva de Almeida \u2013 Coordenador de Curso de Administra\u00e7\u00e3o Prof. Everton da Silva Neiro \u2013 Coordenador de Curso de Agronomia Prof. Gileno Brito de Azevedo \u2013 [&hellip;]\" \/>\n<meta property=\"og:url\" content=\"https:\/\/cpcs.ufms.br\/resultado-das-eleicoes-coordenadores-de-curso\/\" \/>\n<meta property=\"og:site_name\" content=\"Campus de Chapad\u00e3o do Sul\" \/>\n<meta property=\"article:published_time\" content=\"2023-11-14T00:25:42+00:00\" \/>\n<meta property=\"article:modified_time\" content=\"2023-11-14T03:42:43+00:00\" \/>\n<meta property=\"og:image\" content=\"https:\/\/cpcs.ufms.br\/files\/2023\/11\/CPCS-750x410-1.jpg\" \/>\n\t<meta property=\"og:image:width\" content=\"750\" \/>\n\t<meta property=\"og:image:height\" content=\"410\" \/>\n\t<meta property=\"og:image:type\" content=\"image\/jpeg\" \/>\n<meta name=\"author\" content=\"Daniel Fernando Figueiredo Spengler\" \/>\n<meta name=\"twitter:label1\" content=\"Written by\" \/>\n\t<meta name=\"twitter:data1\" content=\"Daniel Fernando Figueiredo Spengler\" \/>\n\t<meta name=\"twitter:label2\" content=\"Est. reading time\" \/>\n\t<meta name=\"twitter:data2\" content=\"1 minute\" \/>\n<script type=\"application\/ld+json\" class=\"yoast-schema-graph\">{\"@context\":\"https:\/\/schema.org\",\"@graph\":[{\"@type\":\"WebPage\",\"@id\":\"https:\/\/cpcs.ufms.br\/resultado-das-eleicoes-coordenadores-de-curso\/\",\"url\":\"https:\/\/cpcs.ufms.br\/resultado-das-eleicoes-coordenadores-de-curso\/\",\"name\":\"Resultado das elei\u00e7\u00f5es - Coordenador de Curso - Campus de Chapad\u00e3o do Sul\",\"isPartOf\":{\"@id\":\"https:\/\/cpcs.ufms.br\/#website\"},\"primaryImageOfPage\":{\"@id\":\"https:\/\/cpcs.ufms.br\/resultado-das-eleicoes-coordenadores-de-curso\/#primaryimage\"},\"image\":{\"@id\":\"https:\/\/cpcs.ufms.br\/resultado-das-eleicoes-coordenadores-de-curso\/#primaryimage\"},\"thumbnailUrl\":\"https:\/\/cpcs.ufms.br\/files\/2023\/11\/CPCS-750x410-1.jpg\",\"datePublished\":\"2023-11-14T00:25:42+00:00\",\"dateModified\":\"2023-11-14T03:42:43+00:00\",\"author\":{\"@id\":\"https:\/\/cpcs.ufms.br\/#\/schema\/person\/e982c284b559a40d9dc7e8b0606784c7\"},\"breadcrumb\":{\"@id\":\"https:\/\/cpcs.ufms.br\/resultado-das-eleicoes-coordenadores-de-curso\/#breadcrumb\"},\"inLanguage\":\"en-US\",\"potentialAction\":[{\"@type\":\"ReadAction\",\"target\":[\"https:\/\/cpcs.ufms.br\/resultado-das-eleicoes-coordenadores-de-curso\/\"]}]},{\"@type\":\"ImageObject\",\"inLanguage\":\"en-US\",\"@id\":\"https:\/\/cpcs.ufms.br\/resultado-das-eleicoes-coordenadores-de-curso\/#primaryimage\",\"url\":\"https:\/\/cpcs.ufms.br\/files\/2023\/11\/CPCS-750x410-1.jpg\",\"contentUrl\":\"https:\/\/cpcs.ufms.br\/files\/2023\/11\/CPCS-750x410-1.jpg\",\"width\":750,\"height\":410},{\"@type\":\"BreadcrumbList\",\"@id\":\"https:\/\/cpcs.ufms.br\/resultado-das-eleicoes-coordenadores-de-curso\/#breadcrumb\",\"itemListElement\":[{\"@type\":\"ListItem\",\"position\":1,\"name\":\"In\u00edcio\",\"item\":\"https:\/\/cpcs.ufms.br\/\"},{\"@type\":\"ListItem\",\"position\":2,\"name\":\"Resultado das elei\u00e7\u00f5es &#8211; Coordenador de Curso\"}]},{\"@type\":\"WebSite\",\"@id\":\"https:\/\/cpcs.ufms.br\/#website\",\"url\":\"https:\/\/cpcs.ufms.br\/\",\"name\":\"Campus de Chapad\u00e3o do Sul\",\"description\":\"Universidade Federal de Mato Grosso do Sul\",\"potentialAction\":[{\"@type\":\"SearchAction\",\"target\":{\"@type\":\"EntryPoint\",\"urlTemplate\":\"https:\/\/cpcs.ufms.br\/?s={search_term_string}\"},\"query-input\":{\"@type\":\"PropertyValueSpecification\",\"valueRequired\":true,\"valueName\":\"search_term_string\"}}],\"inLanguage\":\"en-US\"},{\"@type\":\"Person\",\"@id\":\"https:\/\/cpcs.ufms.br\/#\/schema\/person\/e982c284b559a40d9dc7e8b0606784c7\",\"name\":\"Daniel Fernando Figueiredo Spengler\",\"sameAs\":[\"http:\/\/bibliotecacpcs.blogspot.com.br\/\"],\"url\":\"https:\/\/cpcs.ufms.br\/en\/author\/daniel-spengler\/\"}]}<\/script>\n<!-- \/ Yoast SEO plugin. -->","yoast_head_json":{"title":"Resultado das elei\u00e7\u00f5es - Coordenador de Curso - Campus de Chapad\u00e3o do Sul","robots":{"index":"index","follow":"follow","max-snippet":"max-snippet:-1","max-image-preview":"max-image-preview:large","max-video-preview":"max-video-preview:-1"},"canonical":"https:\/\/cpcs.ufms.br\/resultado-das-eleicoes-coordenadores-de-curso\/","og_locale":"en_US","og_type":"article","og_title":"Resultado das elei\u00e7\u00f5es - Coordenador de Curso - Campus de Chapad\u00e3o do Sul","og_description":"Parab\u00e9ns aos eleitos coordenadores de curso de gradua\u00e7\u00e3o do CPCS para o bi\u00eanio 2024-2026, conforme RESOLU\u00c7\u00c3O N\u00ba 368 &#8211; CAS\/CPCS\/UFMS, DE 10 DE NOVEMBRO DE 2023: Prof. Wallace da Silva de Almeida \u2013 Coordenador de Curso de Administra\u00e7\u00e3o Prof. Everton da Silva Neiro \u2013 Coordenador de Curso de Agronomia Prof. Gileno Brito de Azevedo \u2013 [&hellip;]","og_url":"https:\/\/cpcs.ufms.br\/resultado-das-eleicoes-coordenadores-de-curso\/","og_site_name":"Campus de Chapad\u00e3o do Sul","article_published_time":"2023-11-14T00:25:42+00:00","article_modified_time":"2023-11-14T03:42:43+00:00","og_image":[{"width":750,"height":410,"url":"https:\/\/cpcs.ufms.br\/files\/2023\/11\/CPCS-750x410-1.jpg","type":"image\/jpeg"}],"author":"Daniel Fernando Figueiredo Spengler","twitter_misc":{"Written by":"Daniel Fernando Figueiredo Spengler","Est. reading time":"1 minute"},"schema":{"@context":"https:\/\/schema.org","@graph":[{"@type":"WebPage","@id":"https:\/\/cpcs.ufms.br\/resultado-das-eleicoes-coordenadores-de-curso\/","url":"https:\/\/cpcs.ufms.br\/resultado-das-eleicoes-coordenadores-de-curso\/","name":"Resultado das elei\u00e7\u00f5es - Coordenador de Curso - Campus de Chapad\u00e3o do Sul","isPartOf":{"@id":"https:\/\/cpcs.ufms.br\/#website"},"primaryImageOfPage":{"@id":"https:\/\/cpcs.ufms.br\/resultado-das-eleicoes-coordenadores-de-curso\/#primaryimage"},"image":{"@id":"https:\/\/cpcs.ufms.br\/resultado-das-eleicoes-coordenadores-de-curso\/#primaryimage"},"thumbnailUrl":"https:\/\/cpcs.ufms.br\/files\/2023\/11\/CPCS-750x410-1.jpg","datePublished":"2023-11-14T00:25:42+00:00","dateModified":"2023-11-14T03:42:43+00:00","author":{"@id":"https:\/\/cpcs.ufms.br\/#\/schema\/person\/e982c284b559a40d9dc7e8b0606784c7"},"breadcrumb":{"@id":"https:\/\/cpcs.ufms.br\/resultado-das-eleicoes-coordenadores-de-curso\/#breadcrumb"},"inLanguage":"en-US","potentialAction":[{"@type":"ReadAction","target":["https:\/\/cpcs.ufms.br\/resultado-das-eleicoes-coordenadores-de-curso\/"]}]},{"@type":"ImageObject","inLanguage":"en-US","@id":"https:\/\/cpcs.ufms.br\/resultado-das-eleicoes-coordenadores-de-curso\/#primaryimage","url":"https:\/\/cpcs.ufms.br\/files\/2023\/11\/CPCS-750x410-1.jpg","contentUrl":"https:\/\/cpcs.ufms.br\/files\/2023\/11\/CPCS-750x410-1.jpg","width":750,"height":410},{"@type":"BreadcrumbList","@id":"https:\/\/cpcs.ufms.br\/resultado-das-eleicoes-coordenadores-de-curso\/#breadcrumb","itemListElement":[{"@type":"ListItem","position":1,"name":"In\u00edcio","item":"https:\/\/cpcs.ufms.br\/"},{"@type":"ListItem","position":2,"name":"Resultado das elei\u00e7\u00f5es &#8211; Coordenador de Curso"}]},{"@type":"WebSite","@id":"https:\/\/cpcs.ufms.br\/#website","url":"https:\/\/cpcs.ufms.br\/","name":"Campus de Chapad\u00e3o do Sul","description":"Universidade Federal de Mato Grosso do Sul","potentialAction":[{"@type":"SearchAction","target":{"@type":"EntryPoint","urlTemplate":"https:\/\/cpcs.ufms.br\/?s={search_term_string}"},"query-input":{"@type":"PropertyValueSpecification","valueRequired":true,"valueName":"search_term_string"}}],"inLanguage":"en-US"},{"@type":"Person","@id":"https:\/\/cpcs.ufms.br\/#\/schema\/person\/e982c284b559a40d9dc7e8b0606784c7","name":"Daniel Fernando Figueiredo Spengler","sameAs":["http:\/\/bibliotecacpcs.blogspot.com.br\/"],"url":"https:\/\/cpcs.ufms.br\/en\/author\/daniel-spengler\/"}]}},"_links":{"self":[{"href":"https:\/\/cpcs.ufms.br\/en\/wp-json\/wp\/v2\/posts\/10150","targetHints":{"allow":["GET"]}}],"collection":[{"href":"https:\/\/cpcs.ufms.br\/en\/wp-json\/wp\/v2\/posts"}],"about":[{"href":"https:\/\/cpcs.ufms.br\/en\/wp-json\/wp\/v2\/types\/post"}],"author":[{"embeddable":true,"href":"https:\/\/cpcs.ufms.br\/en\/wp-json\/wp\/v2\/users\/699"}],"replies":[{"embeddable":true,"href":"https:\/\/cpcs.ufms.br\/en\/wp-json\/wp\/v2\/comments?post=10150"}],"version-history":[{"count":2,"href":"https:\/\/cpcs.ufms.br\/en\/wp-json\/wp\/v2\/posts\/10150\/revisions"}],"predecessor-version":[{"id":10160,"href":"https:\/\/cpcs.ufms.br\/en\/wp-json\/wp\/v2\/posts\/10150\/revisions\/10160"}],"wp:featuredmedia":[{"embeddable":true,"href":"https:\/\/cpcs.ufms.br\/en\/wp-json\/wp\/v2\/media\/10151"}],"wp:attachment":[{"href":"https:\/\/cpcs.ufms.br\/en\/wp-json\/wp\/v2\/media?parent=10150"}],"wp:term":[{"taxonomy":"category","embeddable":true,"href":"https:\/\/cpcs.ufms.br\/en\/wp-json\/wp\/v2\/categories?post=10150"},{"taxonomy":"post_tag","embeddable":true,"href":"https:\/\/cpcs.ufms.br\/en\/wp-json\/wp\/v2\/tags?post=10150"},{"taxonomy":"author","embeddable":true,"href":"https:\/\/cpcs.ufms.br\/en\/wp-json\/wp\/v2\/coauthors?post=10150"}],"curies":[{"name":"wp","href":"https:\/\/api.w.org\/{rel}","templated":true}]}}